{"id":1029,"date":"2021-06-03T22:24:59","date_gmt":"2021-06-03T20:24:59","guid":{"rendered":"http:\/\/gerardebogros.fr\/?p=1029"},"modified":"2021-06-03T22:24:59","modified_gmt":"2021-06-03T20:24:59","slug":"bleu-pacifique","status":"publish","type":"post","link":"https:\/\/gerardebogros.fr\/?p=1029","title":{"rendered":"Bleu Pacifique"},"content":{"rendered":"<p><em><span style=\"font-family: arial, helvetica, sans-serif;\"><div class=\"gca-column one-half first\"><\/span><\/em><\/p>\n<p><em><span style=\"font-family: arial, helvetica, sans-serif;\">Le rostre de la baleine<\/span><\/em><br \/>\n<em><span style=\"font-family: arial, helvetica, sans-serif;\">Rend l\u2019eau violemment s\u00e9cante<\/span><\/em><br \/>\n<em><span style=\"font-family: arial, helvetica, sans-serif;\">Sa fluidit\u00e9 est mise \u00e0 mal<\/span><\/em><br \/>\n<em><span style=\"font-family: arial, helvetica, sans-serif;\">Par ce qui sort<\/span><\/em><\/p>\n<p><em><span style=\"font-family: arial, helvetica, sans-serif;\">De ses profondeurs<\/span><\/em><br \/>\n<em><span style=\"font-family: arial, helvetica, sans-serif;\">Sage elle fluctuera<\/span><\/em><br \/>\n<em><span style=\"font-family: arial, helvetica, sans-serif;\">Hors du temps<\/span><\/em><br \/>\n<em><span style=\"font-family: arial, helvetica, sans-serif;\">Le rorqual est pos\u00e9<\/span><\/em><\/p>\n<p><em><span style=\"font-family: arial, helvetica, sans-serif;\">Dans l\u2019immensit\u00e9<\/span><\/em><br \/>\n<em><span style=\"font-family: arial, helvetica, sans-serif;\">Il se meut dans l\u2019onde<\/span><\/em><br \/>\n<em><span style=\"font-family: arial, helvetica, sans-serif;\">Intense<\/span><\/em><br \/>\n<em><span style=\"font-family: arial, helvetica, sans-serif;\">Comme transe<\/span><\/em><\/p>\n<p><em><span style=\"font-family: arial, helvetica, sans-serif;\">Dans ton regard abonde<\/span><\/em><\/p>\n<p><em><span style=\"font-family: arial, helvetica, sans-serif;\">Le bleu Pacifique<\/span><\/em><br \/>\n<em><span style=\"font-family: arial, helvetica, sans-serif;\">Tu sais qu\u2019il ne l\u2019est pas<\/span><\/em><\/p>\n<p><em><span style=\"font-family: arial, helvetica, sans-serif;\">Quoi de plus actif<\/span><\/em><br \/>\n<em><span style=\"font-family: arial, helvetica, sans-serif;\">Que les manques d\u2019\u00e9tat<\/span><\/em><br \/>\n<em><span style=\"font-family: arial, helvetica, sans-serif;\"><\/div><\/span><\/em><br \/>\n<em><span style=\"font-family: arial, helvetica, sans-serif;\"><div class=\"gca-column one-half\"><\/span><\/em><em><span style=\"font-family: arial, helvetica, sans-serif;\">Dans l\u2019absence de plaines<\/span><\/em><br \/>\n<em><span style=\"font-family: arial, helvetica, sans-serif;\">L\u2019ho n\u2019est pas brocante<\/span><\/em><br \/>\n<em><span style=\"font-family: arial, helvetica, sans-serif;\">Sa tonalit\u00e9 peut \u00eatre p\u00e2le<\/span><\/em><br \/>\n<em><span style=\"font-family: arial, helvetica, sans-serif;\">Chacun son sort<\/span><\/em><\/p>\n<p><em><span style=\"font-family: arial, helvetica, sans-serif;\">De qui est-il le leurre<\/span><\/em><br \/>\n<em><span style=\"font-family: arial, helvetica, sans-serif;\">Rage es-tu \u00e9mu<\/span><\/em><br \/>\n<em><span style=\"font-family: arial, helvetica, sans-serif;\">Au printemps<\/span><\/em><br \/>\n<em><span style=\"font-family: arial, helvetica, sans-serif;\">Le bocal est cass\u00e9<\/span><\/em><\/p>\n<p><em><span style=\"font-family: arial, helvetica, sans-serif;\">De luminosit\u00e9<\/span><\/em><br \/>\n<em><span style=\"font-family: arial, helvetica, sans-serif;\">Elle sourit elle est blonde<\/span><\/em><br \/>\n<em><span style=\"font-family: arial, helvetica, sans-serif;\">Apparence<\/span><\/em><br \/>\n<em><span style=\"font-family: arial, helvetica, sans-serif;\">La finance<\/span><\/em><\/p>\n<p><em><span style=\"font-family: arial, helvetica, sans-serif;\">Quand le b\u00e2tard gronde<\/span><\/em><\/p>\n<p><em><span style=\"font-family: arial, helvetica, sans-serif;\">Les yeux magnifiques<\/span><\/em><br \/>\n<em><span style=\"font-family: arial, helvetica, sans-serif;\">Font oublier le plat<\/span><\/em><\/p>\n<p><em><span style=\"font-family: arial, helvetica, sans-serif;\">Fourrez dans l\u2019instinctif<\/span><\/em><br \/>\n<em><span style=\"font-family: arial, helvetica, sans-serif;\">L\u2019apologie du bout de gras<\/span><\/em><br \/>\n<em><span style=\"font-family: arial, helvetica, sans-serif;\"><\/div><\/span><\/em><\/p>\n<p><em><span style=\"font-family: arial, helvetica, sans-serif;\">GDB 29 mars 2015 Mitirapa 23h00<\/span><\/em><br \/>\n<em><span style=\"font-family: arial, helvetica, sans-serif;\">Mendelssohn 4\u00b0 et 5\u00b0 symphonie<\/span><\/em><\/p>\n<div class='watch-action'><div class='watch-position align-left'><div class='action-like'><a class='lbg-style3 like-1029 jlk' href='javascript:void(0)' data-task='like' data-post_id='1029' data-nonce='0ec958c7c9' rel='nofollow'><img class='wti-pixel' src='https:\/\/gerardebogros.fr\/wp-content\/plugins\/wti-like-post\/images\/pixel.gif' title='comme' \/><span class='lc-1029 lc'>0<\/span><\/a><\/div><div class='action-unlike'><a class='unlbg-style3 unlike-1029 jlk' href='javascript:void(0)' data-task='unlike' data-post_id='1029' data-nonce='0ec958c7c9' rel='nofollow'><img class='wti-pixel' src='https:\/\/gerardebogros.fr\/wp-content\/plugins\/wti-like-post\/images\/pixel.gif' title='contrairement \u00e0' \/><span class='unlc-1029 unlc'>0<\/span><\/a><\/div> <\/div> <div class='status-1029 status align-left'><\/div><\/div><div class='wti-clear'><\/div>","protected":false},"excerpt":{"rendered":"<p>GDB 29 mars 2015 Mitirapa 23h00 Mendelssohn 4\u00b0 et 5\u00b0 symphonie 00<\/p>\n","protected":false},"author":3,"featured_media":0,"comment_status":"open","ping_status":"open","sticky":false,"template":"","format":"standard","meta":{"_jetpack_memberships_contains_paid_content":false,"footnotes":""},"categories":[17,2],"tags":[],"class_list":["post-1029","post","type-post","status-publish","format-standard","hentry","category-ecriture-matricielle","category-mots-et-musique"],"jetpack_featured_media_url":"","jetpack_sharing_enabled":true,"_links":{"self":[{"href":"https:\/\/gerardebogros.fr\/index.php?rest_route=\/wp\/v2\/posts\/1029","targetHints":{"allow":["GET"]}}],"collection":[{"href":"https:\/\/gerardebogros.fr\/index.php?rest_route=\/wp\/v2\/posts"}],"about":[{"href":"https:\/\/gerardebogros.fr\/index.php?rest_route=\/wp\/v2\/types\/post"}],"author":[{"embeddable":true,"href":"https:\/\/gerardebogros.fr\/index.php?rest_route=\/wp\/v2\/users\/3"}],"replies":[{"embeddable":true,"href":"https:\/\/gerardebogros.fr\/index.php?rest_route=%2Fwp%2Fv2%2Fcomments&post=1029"}],"version-history":[{"count":4,"href":"https:\/\/gerardebogros.fr\/index.php?rest_route=\/wp\/v2\/posts\/1029\/revisions"}],"predecessor-version":[{"id":1033,"href":"https:\/\/gerardebogros.fr\/index.php?rest_route=\/wp\/v2\/posts\/1029\/revisions\/1033"}],"wp:attachment":[{"href":"https:\/\/gerardebogros.fr\/index.php?rest_route=%2Fwp%2Fv2%2Fmedia&parent=1029"}],"wp:term":[{"taxonomy":"category","embeddable":true,"href":"https:\/\/gerardebogros.fr\/index.php?rest_route=%2Fwp%2Fv2%2Fcategories&post=1029"},{"taxonomy":"post_tag","embeddable":true,"href":"https:\/\/gerardebogros.fr\/index.php?rest_route=%2Fwp%2Fv2%2Ftags&post=1029"}],"curies":[{"name":"wp","href":"https:\/\/api.w.org\/{rel}","templated":true}]}}