{"id":1262,"date":"2021-08-27T04:33:37","date_gmt":"2021-08-27T02:33:37","guid":{"rendered":"http:\/\/gerardebogros.fr\/?p=1262"},"modified":"2021-08-27T04:33:37","modified_gmt":"2021-08-27T02:33:37","slug":"eclat-doeil","status":"publish","type":"post","link":"https:\/\/gerardebogros.fr\/?p=1262","title":{"rendered":"Eclat d\u2019\u0153il"},"content":{"rendered":"<p style=\"text-align: center;\"><span style=\"font-size: 14pt;\"><em><span style=\"font-family: arial, helvetica, sans-serif;\">Il s\u2019agissait de noircir<\/span><\/em><\/span><br \/>\n<span style=\"font-size: 14pt;\"><em><span style=\"font-family: arial, helvetica, sans-serif;\">Parce que l\u2019humeur<\/span><\/em><\/span><br \/>\n<span style=\"font-size: 14pt;\"><em><span style=\"font-family: arial, helvetica, sans-serif;\">Manquait d\u2019heure<\/span><\/em><\/span><\/p>\n<p style=\"text-align: center;\"><span style=\"font-size: 14pt;\"><em><span style=\"font-family: arial, helvetica, sans-serif;\">Aimer<\/span><\/em><\/span><br \/>\n<span style=\"font-size: 14pt;\"><em><span style=\"font-family: arial, helvetica, sans-serif;\">Est-ce dans la dur\u00e9e<\/span><\/em><\/span><br \/>\n<span style=\"font-size: 14pt;\"><em><span style=\"font-family: arial, helvetica, sans-serif;\">M\u00eame br\u00e8ve<\/span><\/em><\/span><br \/>\n<span style=\"font-size: 14pt;\"><em><span style=\"font-family: arial, helvetica, sans-serif;\">M\u00eame tr\u00eave<\/span><\/em><\/span><\/p>\n<p style=\"text-align: center;\"><span style=\"font-size: 14pt;\"><em><span style=\"font-family: arial, helvetica, sans-serif;\">Il s\u2019agissait de ne rien dire<\/span><\/em><\/span><br \/>\n<span style=\"font-size: 14pt;\"><em><span style=\"font-family: arial, helvetica, sans-serif;\">Et de savoir l\u2019\u00e9crire<\/span><\/em><\/span><\/p>\n<p style=\"text-align: center;\"><span style=\"font-size: 14pt;\"><em><span style=\"font-family: arial, helvetica, sans-serif;\">Tu aimes l\u2019instant pr\u00e9sent<\/span><\/em><\/span><br \/>\n<span style=\"font-size: 14pt;\"><em><span style=\"font-family: arial, helvetica, sans-serif;\">Tu as peur de l\u2019instant suivant<\/span><\/em><\/span><\/p>\n<p style=\"text-align: center;\"><span style=\"font-size: 14pt;\"><em><span style=\"font-family: arial, helvetica, sans-serif;\">Un \u00e9clat d\u2019\u0153il<\/span><\/em><\/span><br \/>\n<span style=\"font-size: 14pt;\"><em><span style=\"font-family: arial, helvetica, sans-serif;\">Sans que tu veuilles<\/span><\/em><\/span><br \/>\n<span style=\"font-size: 14pt;\"><em><span style=\"font-family: arial, helvetica, sans-serif;\">Qu\u2019il soit sans deuil<\/span><\/em><\/span><\/p>\n<p style=\"text-align: center;\"><span style=\"font-size: 14pt;\"><em><span style=\"font-family: arial, helvetica, sans-serif;\">L\u2019\u0153il s\u2019\u00e9merveille<\/span><\/em><\/span><\/p>\n<p style=\"text-align: center;\"><span style=\"font-size: 14pt;\"><em><span style=\"font-family: arial, helvetica, sans-serif;\">Une belle est venue<\/span><\/em><\/span><br \/>\n<span style=\"font-size: 14pt;\"><em><span style=\"font-family: arial, helvetica, sans-serif;\">Tu l\u2019as re\u00e7ue<\/span><\/em><\/span><\/p>\n<p style=\"text-align: center;\"><span style=\"font-size: 14pt;\"><em><span style=\"font-family: arial, helvetica, sans-serif;\">Dans l\u2019\u00e9perdue<\/span><\/em><\/span><br \/>\n<span style=\"font-size: 14pt;\"><em><span style=\"font-family: arial, helvetica, sans-serif;\">Tout s\u2019est perdu<\/span><\/em><\/span><\/p>\n<p><em><span style=\"font-family: arial, helvetica, sans-serif;\">GDB Mitirapa 10 mars 2014 vers 20h00<\/span><\/em><\/p>\n<div class='watch-action'><div class='watch-position align-left'><div class='action-like'><a class='lbg-style3 like-1262 jlk' href='javascript:void(0)' data-task='like' data-post_id='1262' data-nonce='0ec958c7c9' rel='nofollow'><img class='wti-pixel' src='https:\/\/gerardebogros.fr\/wp-content\/plugins\/wti-like-post\/images\/pixel.gif' title='comme' \/><span class='lc-1262 lc'>0<\/span><\/a><\/div><div class='action-unlike'><a class='unlbg-style3 unlike-1262 jlk' href='javascript:void(0)' data-task='unlike' data-post_id='1262' data-nonce='0ec958c7c9' rel='nofollow'><img class='wti-pixel' src='https:\/\/gerardebogros.fr\/wp-content\/plugins\/wti-like-post\/images\/pixel.gif' title='contrairement \u00e0' \/><span class='unlc-1262 unlc'>0<\/span><\/a><\/div> <\/div> <div class='status-1262 status align-left'><\/div><\/div><div class='wti-clear'><\/div>","protected":false},"excerpt":{"rendered":"<p>Il s\u2019agissait de noircir Parce que l\u2019humeur Manquait d\u2019heure Aimer Est-ce dans la dur\u00e9e M\u00eame br\u00e8ve M\u00eame tr\u00eave Il s\u2019agissait de ne rien dire Et de savoir l\u2019\u00e9crire Tu aimes l\u2019instant pr\u00e9sent Tu as peur de l\u2019instant suivant Un \u00e9clat d\u2019\u0153il Sans que tu veuilles Qu\u2019il soit sans deuil L\u2019\u0153il s\u2019\u00e9merveille Une belle est venue &hellip; <a href=\"https:\/\/gerardebogros.fr\/?p=1262\" class=\"more-link\">Continuer la lecture<span class=\"screen-reader-text\"> de &laquo;&nbsp;Eclat d\u2019\u0153il&nbsp;&raquo;<\/span><\/a><\/p>\n","protected":false},"author":3,"featured_media":0,"comment_status":"open","ping_status":"open","sticky":false,"template":"","format":"standard","meta":{"_jetpack_memberships_contains_paid_content":false,"footnotes":""},"categories":[21],"tags":[],"class_list":["post-1262","post","type-post","status-publish","format-standard","hentry","category-ambiance"],"jetpack_featured_media_url":"","jetpack_sharing_enabled":true,"_links":{"self":[{"href":"https:\/\/gerardebogros.fr\/index.php?rest_route=\/wp\/v2\/posts\/1262","targetHints":{"allow":["GET"]}}],"collection":[{"href":"https:\/\/gerardebogros.fr\/index.php?rest_route=\/wp\/v2\/posts"}],"about":[{"href":"https:\/\/gerardebogros.fr\/index.php?rest_route=\/wp\/v2\/types\/post"}],"author":[{"embeddable":true,"href":"https:\/\/gerardebogros.fr\/index.php?rest_route=\/wp\/v2\/users\/3"}],"replies":[{"embeddable":true,"href":"https:\/\/gerardebogros.fr\/index.php?rest_route=%2Fwp%2Fv2%2Fcomments&post=1262"}],"version-history":[{"count":2,"href":"https:\/\/gerardebogros.fr\/index.php?rest_route=\/wp\/v2\/posts\/1262\/revisions"}],"predecessor-version":[{"id":1264,"href":"https:\/\/gerardebogros.fr\/index.php?rest_route=\/wp\/v2\/posts\/1262\/revisions\/1264"}],"wp:attachment":[{"href":"https:\/\/gerardebogros.fr\/index.php?rest_route=%2Fwp%2Fv2%2Fmedia&parent=1262"}],"wp:term":[{"taxonomy":"category","embeddable":true,"href":"https:\/\/gerardebogros.fr\/index.php?rest_route=%2Fwp%2Fv2%2Fcategories&post=1262"},{"taxonomy":"post_tag","embeddable":true,"href":"https:\/\/gerardebogros.fr\/index.php?rest_route=%2Fwp%2Fv2%2Ftags&post=1262"}],"curies":[{"name":"wp","href":"https:\/\/api.w.org\/{rel}","templated":true}]}}