{"id":1340,"date":"2021-10-01T22:43:05","date_gmt":"2021-10-01T20:43:05","guid":{"rendered":"http:\/\/gerardebogros.fr\/?p=1340"},"modified":"2021-10-01T22:43:05","modified_gmt":"2021-10-01T20:43:05","slug":"le-silence-de-la-nuit","status":"publish","type":"post","link":"https:\/\/gerardebogros.fr\/?p=1340","title":{"rendered":"Le silence de la nuit"},"content":{"rendered":"<p><em><span style=\"font-family: arial, helvetica, sans-serif;\"><div class=\"gca-column one-half first\"><\/span><\/em><\/p>\n<p><em><span style=\"font-family: arial, helvetica, sans-serif;\">Dans le silence<\/span><\/em><br \/>\n<em><span style=\"font-family: arial, helvetica, sans-serif;\">Du d\u00e9but de nuit<\/span><\/em><br \/>\n<em><span style=\"font-family: arial, helvetica, sans-serif;\">L\u2019atmosph\u00e8re<\/span><\/em><br \/>\n<em><span style=\"font-family: arial, helvetica, sans-serif;\">Est peu d\u00e9l\u00e9t\u00e8re<\/span><\/em><\/p>\n<p><em><span style=\"font-family: arial, helvetica, sans-serif;\">C\u2019est le moment<\/span><\/em><br \/>\n<em><span style=\"font-family: arial, helvetica, sans-serif;\">O\u00f9 fuient<\/span><\/em><br \/>\n<em><span style=\"font-family: arial, helvetica, sans-serif;\">Les mauvaises pr\u00e9gnances<\/span><\/em><\/p>\n<p><em><span style=\"font-family: arial, helvetica, sans-serif;\">Rester en plan<\/span><\/em><br \/>\n<em><span style=\"font-family: arial, helvetica, sans-serif;\">Dans l\u2019inh\u00e9rence<\/span><\/em><br \/>\n<em><span style=\"font-family: arial, helvetica, sans-serif;\">N\u2019est pas le but<\/span><\/em><br \/>\n<em><span style=\"font-family: arial, helvetica, sans-serif;\">De tes errances<\/span><\/em><\/p>\n<p><em><span style=\"font-family: arial, helvetica, sans-serif;\">Pauvres falaises<\/span><\/em><br \/>\n<em><span style=\"font-family: arial, helvetica, sans-serif;\">Perc\u00e9es de trous<\/span><\/em><br \/>\n<em><span style=\"font-family: arial, helvetica, sans-serif;\">Rivi\u00e8res de glaise<\/span><\/em><br \/>\n<em><span style=\"font-family: arial, helvetica, sans-serif;\">Paysages fous<\/span><\/em><\/p>\n<p><em><span style=\"font-family: arial, helvetica, sans-serif;\">Rien ne t\u2019obs\u00e8de<\/span><\/em><br \/>\n<em><span style=\"font-family: arial, helvetica, sans-serif;\">Lorsque tu plaides<\/span><\/em><br \/>\n<em><span style=\"font-family: arial, helvetica, sans-serif;\">A tire l\u2019ire<\/span><\/em><br \/>\n<em><span style=\"font-family: arial, helvetica, sans-serif;\">Il est quelques conflits<\/span><\/em><br \/>\n<em><span style=\"font-family: arial, helvetica, sans-serif;\">Que tu ne peux g\u00e9rer<\/span><\/em><\/p>\n<p><em><span style=\"font-family: arial, helvetica, sans-serif;\">Le silence en pluie<\/span><\/em><br \/>\n<em><span style=\"font-family: arial, helvetica, sans-serif;\">Restreint ton vol<\/span><\/em><br \/>\n<em><span style=\"font-family: arial, helvetica, sans-serif;\">Tant il a fait du bruit<\/span><\/em><br \/>\n<em><span style=\"font-family: arial, helvetica, sans-serif;\"><\/div><\/span><\/em><br \/>\n<em><span style=\"font-family: arial, helvetica, sans-serif;\"><div class=\"gca-column one-half\"><\/span><\/em><em><span style=\"font-family: arial, helvetica, sans-serif;\">Dans l\u2019apparence<\/span><\/em><br \/>\n<em><span style=\"font-family: arial, helvetica, sans-serif;\">Du jour qui fuit<\/span><\/em><br \/>\n<em><span style=\"font-family: arial, helvetica, sans-serif;\">Belle berg\u00e8re<\/span><\/em><br \/>\n<em><span style=\"font-family: arial, helvetica, sans-serif;\">Est rest\u00e9e ta Terre<\/span><\/em><\/p>\n<p><em><span style=\"font-family: arial, helvetica, sans-serif;\">C\u2019est le roman<\/span><\/em><br \/>\n<em><span style=\"font-family: arial, helvetica, sans-serif;\">D\u2019une vie<\/span><\/em><br \/>\n<em><span style=\"font-family: arial, helvetica, sans-serif;\">La chance en instance<\/span><\/em><\/p>\n<p><em><span style=\"font-family: arial, helvetica, sans-serif;\">Porter le blanc<\/span><\/em><br \/>\n<em><span style=\"font-family: arial, helvetica, sans-serif;\">Sans comp\u00e9tence<\/span><\/em><br \/>\n<em><span style=\"font-family: arial, helvetica, sans-serif;\">N\u2019est pas con\u00e7u<\/span><\/em><br \/>\n<em><span style=\"font-family: arial, helvetica, sans-serif;\">Pour \u00eatre stance<\/span><\/em><\/p>\n<p><em><span style=\"font-family: arial, helvetica, sans-serif;\">Dr\u00f4les de malaises<\/span><\/em><br \/>\n<em><span style=\"font-family: arial, helvetica, sans-serif;\">Berc\u00e9s de tout<\/span><\/em><br \/>\n<em><span style=\"font-family: arial, helvetica, sans-serif;\">Pri\u00e8res en th\u00e8ses<\/span><\/em><br \/>\n<em><span style=\"font-family: arial, helvetica, sans-serif;\">Gla\u00e7ages mous<\/span><\/em><\/p>\n<p><em><span style=\"font-family: arial, helvetica, sans-serif;\">Quelques bip\u00e8des<\/span><\/em><br \/>\n<em><span style=\"font-family: arial, helvetica, sans-serif;\">Arachnides c\u00e8dent<\/span><\/em><br \/>\n<em><span style=\"font-family: arial, helvetica, sans-serif;\">Satyre lyre<\/span><\/em><br \/>\n<em><span style=\"font-family: arial, helvetica, sans-serif;\">Ne t\u2019ont-ils empli<\/span><\/em><br \/>\n<em><span style=\"font-family: arial, helvetica, sans-serif;\">Pester n\u2019est pas jouer<\/span><\/em><\/p>\n<p><em><span style=\"font-family: arial, helvetica, sans-serif;\">Une folle envie<\/span><\/em><br \/>\n<em><span style=\"font-family: arial, helvetica, sans-serif;\">Repeint ton sol<\/span><\/em><br \/>\n<em><span style=\"font-family: arial, helvetica, sans-serif;\">Quand la musique fuit<\/span><\/em><br \/>\n<em><span style=\"font-family: arial, helvetica, sans-serif;\"><\/div><\/span><\/em><\/p>\n<p><em><span style=\"font-family: arial, helvetica, sans-serif;\">GDB Samedi 25 septembre 2021 20h<\/span> <\/em><\/p>\n<div class='watch-action'><div class='watch-position align-left'><div class='action-like'><a class='lbg-style3 like-1340 jlk' href='javascript:void(0)' data-task='like' data-post_id='1340' data-nonce='0ec958c7c9' rel='nofollow'><img class='wti-pixel' src='https:\/\/gerardebogros.fr\/wp-content\/plugins\/wti-like-post\/images\/pixel.gif' title='comme' \/><span class='lc-1340 lc'>0<\/span><\/a><\/div><div class='action-unlike'><a class='unlbg-style3 unlike-1340 jlk' href='javascript:void(0)' data-task='unlike' data-post_id='1340' data-nonce='0ec958c7c9' rel='nofollow'><img class='wti-pixel' src='https:\/\/gerardebogros.fr\/wp-content\/plugins\/wti-like-post\/images\/pixel.gif' title='contrairement \u00e0' \/><span class='unlc-1340 unlc'>0<\/span><\/a><\/div> <\/div> <div class='status-1340 status align-left'><\/div><\/div><div class='wti-clear'><\/div>","protected":false},"excerpt":{"rendered":"<p>GDB Samedi 25 septembre 2021 20h 00<\/p>\n","protected":false},"author":3,"featured_media":0,"comment_status":"open","ping_status":"open","sticky":false,"template":"","format":"standard","meta":{"_jetpack_memberships_contains_paid_content":false,"footnotes":""},"categories":[15,6],"tags":[],"class_list":["post-1340","post","type-post","status-publish","format-standard","hentry","category-polynesie","category-aquarelles-et-descriptions"],"jetpack_featured_media_url":"","jetpack_sharing_enabled":true,"_links":{"self":[{"href":"https:\/\/gerardebogros.fr\/index.php?rest_route=\/wp\/v2\/posts\/1340","targetHints":{"allow":["GET"]}}],"collection":[{"href":"https:\/\/gerardebogros.fr\/index.php?rest_route=\/wp\/v2\/posts"}],"about":[{"href":"https:\/\/gerardebogros.fr\/index.php?rest_route=\/wp\/v2\/types\/post"}],"author":[{"embeddable":true,"href":"https:\/\/gerardebogros.fr\/index.php?rest_route=\/wp\/v2\/users\/3"}],"replies":[{"embeddable":true,"href":"https:\/\/gerardebogros.fr\/index.php?rest_route=%2Fwp%2Fv2%2Fcomments&post=1340"}],"version-history":[{"count":3,"href":"https:\/\/gerardebogros.fr\/index.php?rest_route=\/wp\/v2\/posts\/1340\/revisions"}],"predecessor-version":[{"id":1343,"href":"https:\/\/gerardebogros.fr\/index.php?rest_route=\/wp\/v2\/posts\/1340\/revisions\/1343"}],"wp:attachment":[{"href":"https:\/\/gerardebogros.fr\/index.php?rest_route=%2Fwp%2Fv2%2Fmedia&parent=1340"}],"wp:term":[{"taxonomy":"category","embeddable":true,"href":"https:\/\/gerardebogros.fr\/index.php?rest_route=%2Fwp%2Fv2%2Fcategories&post=1340"},{"taxonomy":"post_tag","embeddable":true,"href":"https:\/\/gerardebogros.fr\/index.php?rest_route=%2Fwp%2Fv2%2Ftags&post=1340"}],"curies":[{"name":"wp","href":"https:\/\/api.w.org\/{rel}","templated":true}]}}