{"id":1370,"date":"2021-10-08T23:45:00","date_gmt":"2021-10-08T21:45:00","guid":{"rendered":"http:\/\/gerardebogros.fr\/?p=1370"},"modified":"2021-10-09T21:28:36","modified_gmt":"2021-10-09T19:28:36","slug":"leffilement-du-temps","status":"publish","type":"post","link":"https:\/\/gerardebogros.fr\/?p=1370","title":{"rendered":"L\u2019effilement du temps"},"content":{"rendered":"<p style=\"text-align: center;\"><em><span style=\"font-family: arial, helvetica, sans-serif;\">Le feu du ciel s\u2019\u00e9loigne<\/span><\/em><br \/>\n<em><span style=\"font-family: arial, helvetica, sans-serif;\">Br\u00fblent encore quelques nuages<\/span><\/em><br \/>\n<em><span style=\"font-family: arial, helvetica, sans-serif;\">La lumi\u00e8re en t\u00e9moigne<\/span><\/em><br \/>\n<em><span style=\"font-family: arial, helvetica, sans-serif;\">Au dessus du lagon sage<\/span><\/em><br \/>\n<em><span style=\"font-family: arial, helvetica, sans-serif;\">L\u2019aliz\u00e9 fr\u00e9mit dans les cocotiers<\/span><\/em><br \/>\n<em><span style=\"font-family: arial, helvetica, sans-serif;\">Les motus s\u2019estompent<\/span><\/em><br \/>\n<em><span style=\"font-family: arial, helvetica, sans-serif;\">Entre ciel et onde<\/span><\/em><br \/>\n<em><span style=\"font-family: arial, helvetica, sans-serif;\">Le vent et l\u2019ocre de la Terre<\/span><\/em><br \/>\n<em><span style=\"font-family: arial, helvetica, sans-serif;\">Immobiles s\u2019enfoncent<\/span><\/em><br \/>\n<em><span style=\"font-family: arial, helvetica, sans-serif;\">Dans le bleu de la nuit<\/span><\/em><br \/>\n<em><span style=\"font-family: arial, helvetica, sans-serif;\">Les toits multicolores<\/span><\/em><br \/>\n<em><span style=\"font-family: arial, helvetica, sans-serif;\">S\u2019excusent de leur disparit\u00e9<\/span><\/em><br \/>\n<em><span style=\"font-family: arial, helvetica, sans-serif;\">Qui ne saurait durer<\/span><\/em><br \/>\n<em><span style=\"font-family: arial, helvetica, sans-serif;\">Le soir \u00e9galise les effets<\/span><\/em><br \/>\n<em><span style=\"font-family: arial, helvetica, sans-serif;\">Il est douceur<\/span><\/em><br \/>\n<em><span style=\"font-family: arial, helvetica, sans-serif;\">Quand le jour se meure<\/span><\/em><br \/>\n<em><span style=\"font-family: arial, helvetica, sans-serif;\">Il est empire et cocon<\/span><\/em><br \/>\n<em><span style=\"font-family: arial, helvetica, sans-serif;\">Quand la nuit s\u2019\u00e9tablit<\/span><\/em><br \/>\n<em><span style=\"font-family: arial, helvetica, sans-serif;\">Quelques volatiles esseul\u00e9s<\/span><\/em><br \/>\n<em><span style=\"font-family: arial, helvetica, sans-serif;\">Tentent encore d\u2019appeler<\/span><\/em><br \/>\n<em><span style=\"font-family: arial, helvetica, sans-serif;\">Leurs compagnes \u00e9gar\u00e9es<\/span><\/em><\/p>\n<p style=\"text-align: center;\"><em><span style=\"font-family: arial, helvetica, sans-serif;\">Ocres et cama\u00efeux de verts<\/span><\/em><br \/>\n<em><span style=\"font-family: arial, helvetica, sans-serif;\">Envahissent l\u2019espace<\/span><\/em><br \/>\n<em><span style=\"font-family: arial, helvetica, sans-serif;\">Combat quotidien perdu<\/span><\/em><br \/>\n<em><span style=\"font-family: arial, helvetica, sans-serif;\">Quand le rideau va tomber<\/span><\/em><br \/>\n<em><span style=\"font-family: arial, helvetica, sans-serif;\">G\u00e9n\u00e9rant l\u2019espoir<\/span><\/em><br \/>\n<em><span style=\"font-family: arial, helvetica, sans-serif;\">Des victoires<\/span><\/em><br \/>\n<em><span style=\"font-family: arial, helvetica, sans-serif;\">A venir<\/span><\/em><br \/>\n<em><span style=\"font-family: arial, helvetica, sans-serif;\">Quand la nuit envahit<\/span><\/em><br \/>\n<em><span style=\"font-family: arial, helvetica, sans-serif;\">Vient le temps<\/span><\/em><br \/>\n<em><span style=\"font-family: arial, helvetica, sans-serif;\">De l\u2019anxi\u00e9t\u00e9<\/span><\/em><br \/>\n<em><span style=\"font-family: arial, helvetica, sans-serif;\">Et de la s\u00e9r\u00e9nit\u00e9<\/span><\/em><br \/>\n<em><span style=\"font-family: arial, helvetica, sans-serif;\">S\u00e9r\u00e9nit\u00e9 du jour v\u00e9cu<\/span><\/em><br \/>\n<em><span style=\"font-family: arial, helvetica, sans-serif;\">Anxi\u00e9t\u00e9 d\u2019un jour de plus<\/span><\/em><\/p>\n<p style=\"text-align: center;\"><em><span style=\"font-family: arial, helvetica, sans-serif;\">Qu\u2019y a-t-il de plus lumineux<\/span><\/em><br \/>\n<em><span style=\"font-family: arial, helvetica, sans-serif;\">Que le noir<\/span><\/em><br \/>\n<em><span style=\"font-family: arial, helvetica, sans-serif;\">Qu\u2019y a-t-il de plus profond<\/span><\/em><br \/>\n<em><span style=\"font-family: arial, helvetica, sans-serif;\">Que le blanc<\/span><\/em><br \/>\n<em><span style=\"font-family: arial, helvetica, sans-serif;\">En ode tu magnifies<\/span><\/em><br \/>\n<em><span style=\"font-family: arial, helvetica, sans-serif;\">Les couleurs denses de ta presqu\u2019ile<\/span><\/em><br \/>\n<em><span style=\"font-family: arial, helvetica, sans-serif;\">Bien s\u00fbr le temps s\u2019effile<\/span><\/em><br \/>\n<em><span style=\"font-family: arial, helvetica, sans-serif;\">C\u2019est mieux que l\u2019arr\u00eat pile<\/span><\/em><\/p>\n<p><span style=\"font-family: arial, helvetica, sans-serif;\"><em>Mitirapa plateau<\/em><\/span><\/p>\n<p><span style=\"font-family: arial, helvetica, sans-serif;\"><em>Vendredi 01-10-2010- vers12h<\/em><\/span><\/p>\n<div class='watch-action'><div class='watch-position align-left'><div class='action-like'><a class='lbg-style3 like-1370 jlk' href='javascript:void(0)' data-task='like' data-post_id='1370' data-nonce='0ec958c7c9' rel='nofollow'><img class='wti-pixel' src='https:\/\/gerardebogros.fr\/wp-content\/plugins\/wti-like-post\/images\/pixel.gif' title='comme' \/><span class='lc-1370 lc'>+3<\/span><\/a><\/div><div class='action-unlike'><a class='unlbg-style3 unlike-1370 jlk' href='javascript:void(0)' data-task='unlike' data-post_id='1370' data-nonce='0ec958c7c9' rel='nofollow'><img class='wti-pixel' src='https:\/\/gerardebogros.fr\/wp-content\/plugins\/wti-like-post\/images\/pixel.gif' title='contrairement \u00e0' \/><span class='unlc-1370 unlc'>0<\/span><\/a><\/div> <\/div> <div class='status-1370 status align-left'><\/div><\/div><div class='wti-clear'><\/div>","protected":false},"excerpt":{"rendered":"<p>Le feu du ciel s\u2019\u00e9loigne Br\u00fblent encore quelques nuages La lumi\u00e8re en t\u00e9moigne Au dessus du lagon sage L\u2019aliz\u00e9 fr\u00e9mit dans les cocotiers Les motus s\u2019estompent Entre ciel et onde Le vent et l\u2019ocre de la Terre Immobiles s\u2019enfoncent Dans le bleu de la nuit Les toits multicolores S\u2019excusent de leur disparit\u00e9 Qui ne saurait &hellip; <a href=\"https:\/\/gerardebogros.fr\/?p=1370\" class=\"more-link\">Continuer la lecture<span class=\"screen-reader-text\"> de &laquo;&nbsp;L\u2019effilement du temps&nbsp;&raquo;<\/span><\/a><\/p>\n","protected":false},"author":3,"featured_media":0,"comment_status":"open","ping_status":"open","sticky":false,"template":"","format":"standard","meta":{"_jetpack_memberships_contains_paid_content":false,"footnotes":""},"categories":[15,24],"tags":[],"class_list":["post-1370","post","type-post","status-publish","format-standard","hentry","category-polynesie","category-reverie"],"jetpack_featured_media_url":"","jetpack_sharing_enabled":true,"_links":{"self":[{"href":"https:\/\/gerardebogros.fr\/index.php?rest_route=\/wp\/v2\/posts\/1370","targetHints":{"allow":["GET"]}}],"collection":[{"href":"https:\/\/gerardebogros.fr\/index.php?rest_route=\/wp\/v2\/posts"}],"about":[{"href":"https:\/\/gerardebogros.fr\/index.php?rest_route=\/wp\/v2\/types\/post"}],"author":[{"embeddable":true,"href":"https:\/\/gerardebogros.fr\/index.php?rest_route=\/wp\/v2\/users\/3"}],"replies":[{"embeddable":true,"href":"https:\/\/gerardebogros.fr\/index.php?rest_route=%2Fwp%2Fv2%2Fcomments&post=1370"}],"version-history":[{"count":5,"href":"https:\/\/gerardebogros.fr\/index.php?rest_route=\/wp\/v2\/posts\/1370\/revisions"}],"predecessor-version":[{"id":1396,"href":"https:\/\/gerardebogros.fr\/index.php?rest_route=\/wp\/v2\/posts\/1370\/revisions\/1396"}],"wp:attachment":[{"href":"https:\/\/gerardebogros.fr\/index.php?rest_route=%2Fwp%2Fv2%2Fmedia&parent=1370"}],"wp:term":[{"taxonomy":"category","embeddable":true,"href":"https:\/\/gerardebogros.fr\/index.php?rest_route=%2Fwp%2Fv2%2Fcategories&post=1370"},{"taxonomy":"post_tag","embeddable":true,"href":"https:\/\/gerardebogros.fr\/index.php?rest_route=%2Fwp%2Fv2%2Ftags&post=1370"}],"curies":[{"name":"wp","href":"https:\/\/api.w.org\/{rel}","templated":true}]}}