{"id":1562,"date":"2021-12-06T17:25:29","date_gmt":"2021-12-06T16:25:29","guid":{"rendered":"http:\/\/gerardebogros.fr\/?p=1562"},"modified":"2021-12-06T17:25:29","modified_gmt":"2021-12-06T16:25:29","slug":"pays-noyonnais","status":"publish","type":"post","link":"https:\/\/gerardebogros.fr\/?p=1562","title":{"rendered":"Pays noyonnais"},"content":{"rendered":"<p><em><span style=\"font-family: arial, helvetica, sans-serif;\"><div class=\"gca-column one-half first\"><\/span><\/em><\/p>\n<p><em><span style=\"font-family: arial, helvetica, sans-serif;\">Un peu pli\u00e9es<\/span><\/em><br \/>\n<em><span style=\"font-family: arial, helvetica, sans-serif;\">D\u2019un nouvel \u00e9tat<\/span><\/em><br \/>\n<em><span style=\"font-family: arial, helvetica, sans-serif;\">Un peu norm\u00e9es<\/span><\/em><br \/>\n<em><span style=\"font-family: arial, helvetica, sans-serif;\">D\u2019un contour ingrat<\/span><\/em><\/p>\n<p><em><span style=\"font-family: arial, helvetica, sans-serif;\">Au go\u00fbt de l\u2019amertume<\/span><\/em><br \/>\n<em><span style=\"font-family: arial, helvetica, sans-serif;\">Chantent les brumes<\/span><\/em><br \/>\n<em><span style=\"font-family: arial, helvetica, sans-serif;\">Des terres arrach\u00e9es<\/span><\/em><br \/>\n<em><span style=\"font-family: arial, helvetica, sans-serif;\">Au pays o\u00f9 tu cr\u00e9es<\/span><\/em><\/p>\n<p><em><span style=\"font-family: arial, helvetica, sans-serif;\">Des peupliers<\/span><\/em><br \/>\n<em><span style=\"font-family: arial, helvetica, sans-serif;\">Plant\u00e9s las en tas<\/span><\/em><br \/>\n<em><span style=\"font-family: arial, helvetica, sans-serif;\">Accrochent le regard<\/span><\/em><br \/>\n<em><span style=\"font-family: arial, helvetica, sans-serif;\">Pos\u00e9 \u00e0 tout hasard<\/span><\/em><br \/>\n<em><span style=\"font-family: arial, helvetica, sans-serif;\">Au-del\u00e0 des \u00e9tats<\/span><\/em><\/p>\n<p><em><span style=\"font-family: arial, helvetica, sans-serif;\">Coquelicot d\u2019automne<\/span><\/em><br \/>\n<em><span style=\"font-family: arial, helvetica, sans-serif;\">Aux champs de bl\u00e9 qu\u2019il peut<\/span><\/em><br \/>\n<em><span style=\"font-family: arial, helvetica, sans-serif;\">Rouge ton c\u0153ur frissonne<\/span><\/em><br \/>\n<em><span style=\"font-family: arial, helvetica, sans-serif;\">Des soleils des yeux<\/span><\/em><br \/>\n<em><span style=\"font-family: arial, helvetica, sans-serif;\">Pos\u00e9s \u00e0 tout hasard<\/span><\/em><br \/>\n<em><span style=\"font-family: arial, helvetica, sans-serif;\">Aux crois\u00e9es des regards<\/span><\/em><br \/>\n<em><span style=\"font-family: arial, helvetica, sans-serif;\">Qui oublient de porter<\/span><\/em><br \/>\n<em><span style=\"font-family: arial, helvetica, sans-serif;\">Leurs \u00e9clats surann\u00e9s<\/span><\/em><br \/>\n<em><span style=\"font-family: arial, helvetica, sans-serif;\">Sur les lunes enfouies<\/span><\/em><br \/>\n<em><span style=\"font-family: arial, helvetica, sans-serif;\">Dans tes manteaux de bruit<\/span><\/em><\/p>\n<p><em><span style=\"font-family: arial, helvetica, sans-serif;\">Effets tiroirs fan\u00e9s<\/span><\/em><br \/>\n<em><span style=\"font-family: arial, helvetica, sans-serif;\">De tes miroirs us\u00e9s<\/span><\/em><br \/>\n<em><span style=\"font-family: arial, helvetica, sans-serif;\">A la grisaille<\/span><\/em><br \/>\n<em><span style=\"font-family: arial, helvetica, sans-serif;\">Du d\u00e9tail<\/span><\/em><br \/>\n<em><span style=\"font-family: arial, helvetica, sans-serif;\"><\/div><\/span><\/em><br \/>\n<em><span style=\"font-family: arial, helvetica, sans-serif;\"><div class=\"gca-column one-half\"><\/span><\/em><em><span style=\"font-family: arial, helvetica, sans-serif;\">Silice plus liss\u00e9e<\/span><\/em><br \/>\n<em><span style=\"font-family: arial, helvetica, sans-serif;\">Que le fil du temps<\/span><\/em><br \/>\n<em><span style=\"font-family: arial, helvetica, sans-serif;\">Ton \u00e2me d\u00e9vid\u00e9e<\/span><\/em><br \/>\n<em><span style=\"font-family: arial, helvetica, sans-serif;\">Crisse au rouet b\u00e9ant<\/span><\/em><\/p>\n<p><em><span style=\"font-family: arial, helvetica, sans-serif;\">Un peu gris\u00e9<\/span><\/em><br \/>\n<em><span style=\"font-family: arial, helvetica, sans-serif;\">Pas plus qu\u2019il n\u2019est s\u00e9ant<\/span><\/em><br \/>\n<em><span style=\"font-family: arial, helvetica, sans-serif;\">Bien peu lass\u00e9<\/span><\/em><br \/>\n<em><span style=\"font-family: arial, helvetica, sans-serif;\">Des visages d\u2019enfants<\/span><\/em><\/p>\n<p><em><span style=\"font-family: arial, helvetica, sans-serif;\">Fou dedans<\/span><\/em><br \/>\n<em><span style=\"font-family: arial, helvetica, sans-serif;\">Tu fais le mort au vent<\/span><\/em><br \/>\n<em><span style=\"font-family: arial, helvetica, sans-serif;\">Un peu li\u00e9es<\/span><\/em><br \/>\n<em><span style=\"font-family: arial, helvetica, sans-serif;\">Des frasques de ton c\u0153ur<\/span><\/em><br \/>\n<em><span style=\"font-family: arial, helvetica, sans-serif;\">Tes mains s\u2019ouvrent \u00e0 demeure<\/span><\/em><\/p>\n<p><em><span style=\"font-family: arial, helvetica, sans-serif;\">Enracin\u00e9es<\/span><\/em><br \/>\n<em><span style=\"font-family: arial, helvetica, sans-serif;\">Aux poches des labeurs<\/span><\/em><br \/>\n<em><span style=\"font-family: arial, helvetica, sans-serif;\">Un peu pli\u00e9<\/span><\/em><br \/>\n<em><span style=\"font-family: arial, helvetica, sans-serif;\">D\u2019un nouvel \u00e9tat<\/span><\/em><br \/>\n<em><span style=\"font-family: arial, helvetica, sans-serif;\">Un peu norm\u00e9<\/span><\/em><br \/>\n<em><span style=\"font-family: arial, helvetica, sans-serif;\">D\u2019un retour ingrat<\/span><\/em><br \/>\n<em><span style=\"font-family: arial, helvetica, sans-serif;\">Au go\u00fbt de l\u2019amertume<\/span><\/em><br \/>\n<em><span style=\"font-family: arial, helvetica, sans-serif;\">Chante les brumes<\/span><\/em><br \/>\n<em><span style=\"font-family: arial, helvetica, sans-serif;\">De tes terres arrach\u00e9<\/span><\/em><br \/>\n<em><span style=\"font-family: arial, helvetica, sans-serif;\">Au pays noyonnais<\/span><\/em><br \/>\n<em><span style=\"font-family: arial, helvetica, sans-serif;\"><\/div><\/span><\/em><\/p>\n<p>&nbsp;<\/p>\n<p>&nbsp;<\/p>\n<p>&nbsp;<\/p>\n<p><em><span style=\"font-family: arial, helvetica, sans-serif;\">GDB 30.09.88 Noyon<\/span> <\/em><\/p>\n<div class='watch-action'><div class='watch-position align-left'><div class='action-like'><a class='lbg-style3 like-1562 jlk' href='javascript:void(0)' data-task='like' data-post_id='1562' data-nonce='0ec958c7c9' rel='nofollow'><img class='wti-pixel' src='https:\/\/gerardebogros.fr\/wp-content\/plugins\/wti-like-post\/images\/pixel.gif' title='comme' \/><span class='lc-1562 lc'>0<\/span><\/a><\/div><div class='action-unlike'><a class='unlbg-style3 unlike-1562 jlk' href='javascript:void(0)' data-task='unlike' data-post_id='1562' data-nonce='0ec958c7c9' rel='nofollow'><img class='wti-pixel' src='https:\/\/gerardebogros.fr\/wp-content\/plugins\/wti-like-post\/images\/pixel.gif' title='contrairement \u00e0' \/><span class='unlc-1562 unlc'>0<\/span><\/a><\/div> <\/div> <div class='status-1562 status align-left'><\/div><\/div><div class='wti-clear'><\/div>","protected":false},"excerpt":{"rendered":"<p>&nbsp; &nbsp; &nbsp; GDB 30.09.88 Noyon 00<\/p>\n","protected":false},"author":3,"featured_media":0,"comment_status":"open","ping_status":"open","sticky":false,"template":"","format":"standard","meta":{"_jetpack_memberships_contains_paid_content":false,"footnotes":""},"categories":[6],"tags":[],"class_list":["post-1562","post","type-post","status-publish","format-standard","hentry","category-aquarelles-et-descriptions"],"jetpack_featured_media_url":"","jetpack_sharing_enabled":true,"_links":{"self":[{"href":"https:\/\/gerardebogros.fr\/index.php?rest_route=\/wp\/v2\/posts\/1562","targetHints":{"allow":["GET"]}}],"collection":[{"href":"https:\/\/gerardebogros.fr\/index.php?rest_route=\/wp\/v2\/posts"}],"about":[{"href":"https:\/\/gerardebogros.fr\/index.php?rest_route=\/wp\/v2\/types\/post"}],"author":[{"embeddable":true,"href":"https:\/\/gerardebogros.fr\/index.php?rest_route=\/wp\/v2\/users\/3"}],"replies":[{"embeddable":true,"href":"https:\/\/gerardebogros.fr\/index.php?rest_route=%2Fwp%2Fv2%2Fcomments&post=1562"}],"version-history":[{"count":3,"href":"https:\/\/gerardebogros.fr\/index.php?rest_route=\/wp\/v2\/posts\/1562\/revisions"}],"predecessor-version":[{"id":1565,"href":"https:\/\/gerardebogros.fr\/index.php?rest_route=\/wp\/v2\/posts\/1562\/revisions\/1565"}],"wp:attachment":[{"href":"https:\/\/gerardebogros.fr\/index.php?rest_route=%2Fwp%2Fv2%2Fmedia&parent=1562"}],"wp:term":[{"taxonomy":"category","embeddable":true,"href":"https:\/\/gerardebogros.fr\/index.php?rest_route=%2Fwp%2Fv2%2Fcategories&post=1562"},{"taxonomy":"post_tag","embeddable":true,"href":"https:\/\/gerardebogros.fr\/index.php?rest_route=%2Fwp%2Fv2%2Ftags&post=1562"}],"curies":[{"name":"wp","href":"https:\/\/api.w.org\/{rel}","templated":true}]}}