{"id":1586,"date":"2021-12-16T15:12:19","date_gmt":"2021-12-16T14:12:19","guid":{"rendered":"http:\/\/gerardebogros.fr\/?p=1586"},"modified":"2021-12-16T15:12:19","modified_gmt":"2021-12-16T14:12:19","slug":"vent-dautan","status":"publish","type":"post","link":"https:\/\/gerardebogros.fr\/?p=1586","title":{"rendered":"Vent d\u2019autan"},"content":{"rendered":"<p style=\"text-align: center;\"><em><span style=\"font-family: arial, helvetica, sans-serif;\">Quand le saule pleure au vent d\u2019autan<\/span><\/em><br \/>\n<em><span style=\"font-family: arial, helvetica, sans-serif;\">Plus que l\u2019automne arrive avant<\/span><\/em><br \/>\n<em><span style=\"font-family: arial, helvetica, sans-serif;\">Que les feuilles aient fini leur temps<\/span><\/em><br \/>\n<em><span style=\"font-family: arial, helvetica, sans-serif;\">Aime la vie dans tous ses sangs<\/span><\/em><\/p>\n<p style=\"text-align: center;\"><em><span style=\"font-family: arial, helvetica, sans-serif;\">Quand le saule tire au vent cinglant<\/span><\/em><br \/>\n<em><span style=\"font-family: arial, helvetica, sans-serif;\">Ses fines branches \u00e0 bout portant<\/span><\/em><br \/>\n<em><span style=\"font-family: arial, helvetica, sans-serif;\">Vers les espaces \u00e0 contrechamp<\/span><\/em><br \/>\n<em><span style=\"font-family: arial, helvetica, sans-serif;\">D\u2019odeurs d\u2019\u00e9ther courent \u00e0 relent<\/span><\/em><br \/>\n<em><span style=\"font-family: arial, helvetica, sans-serif;\">Les univers faits de tes chants<\/span><\/em><\/p>\n<p style=\"text-align: center;\"><em><span style=\"font-family: arial, helvetica, sans-serif;\">Quand le saule pleure au vent d\u2019autant<\/span><\/em><br \/>\n<em><span style=\"font-family: arial, helvetica, sans-serif;\">Plus fou encore qu\u2019on ne l\u2019entend<\/span><\/em><br \/>\n<em><span style=\"font-family: arial, helvetica, sans-serif;\">Quand les feuilles de finir leur temps<\/span><\/em><br \/>\n<em><span style=\"font-family: arial, helvetica, sans-serif;\">N\u2019en finissent par leurs bruissements<\/span><\/em><br \/>\n<em><span style=\"font-family: arial, helvetica, sans-serif;\">De d\u00e9chainer tes coups de sang<\/span><\/em><\/p>\n<p style=\"text-align: center;\"><em><span style=\"font-family: arial, helvetica, sans-serif;\">Entends l\u2019appel des temps contents<\/span><\/em><br \/>\n<em><span style=\"font-family: arial, helvetica, sans-serif;\">D\u2019animer \u00e0 retardement<\/span><\/em><br \/>\n<em><span style=\"font-family: arial, helvetica, sans-serif;\">Tes naissances d\u2019enterrements<\/span><\/em><br \/>\n<em><span style=\"font-family: arial, helvetica, sans-serif;\">De la terre naissent les sarments<\/span><\/em><br \/>\n<em><span style=\"font-family: arial, helvetica, sans-serif;\">Bris\u00e9s vol\u00e9s au vent d\u2019autan<\/span><\/em><\/p>\n<p style=\"text-align: center;\"><em><span style=\"font-family: arial, helvetica, sans-serif;\">Plus que l\u2019automne arrive avant<\/span><\/em><br \/>\n<em><span style=\"font-family: arial, helvetica, sans-serif;\">Mutant d\u2019autant plus qu\u2019\u00e9coutant<\/span><\/em><br \/>\n<em><span style=\"font-family: arial, helvetica, sans-serif;\">Des gens perclus de par leurs sangs<\/span><\/em><br \/>\n<em><span style=\"font-family: arial, helvetica, sans-serif;\">Flou\u00e9 bris\u00e9 mais r\u00e9surgent<\/span><\/em><br \/>\n<em><span style=\"font-family: arial, helvetica, sans-serif;\">Laisse ton \u00eatre \u00eatre important<\/span><\/em><\/p>\n<p style=\"text-align: center;\"><em><span style=\"font-family: arial, helvetica, sans-serif;\">Quand le saule pleure au vent d\u2019autan<\/span><\/em><br \/>\n<em><span style=\"font-family: arial, helvetica, sans-serif;\">Plus que l\u2019automne arrive avant<\/span><\/em><br \/>\n<em><span style=\"font-family: arial, helvetica, sans-serif;\">Que les feuilles aient fini leur temps<\/span><\/em><br \/>\n<em><span style=\"font-family: arial, helvetica, sans-serif;\">S\u00e8me la vie en tous tes sangs<\/span><\/em><\/p>\n<p><em>GDB 03.09.88 <\/em><\/p>\n<div class='watch-action'><div class='watch-position align-left'><div class='action-like'><a class='lbg-style3 like-1586 jlk' href='javascript:void(0)' data-task='like' data-post_id='1586' data-nonce='0ec958c7c9' rel='nofollow'><img class='wti-pixel' src='https:\/\/gerardebogros.fr\/wp-content\/plugins\/wti-like-post\/images\/pixel.gif' title='comme' \/><span class='lc-1586 lc'>+4<\/span><\/a><\/div><div class='action-unlike'><a class='unlbg-style3 unlike-1586 jlk' href='javascript:void(0)' data-task='unlike' data-post_id='1586' data-nonce='0ec958c7c9' rel='nofollow'><img class='wti-pixel' src='https:\/\/gerardebogros.fr\/wp-content\/plugins\/wti-like-post\/images\/pixel.gif' title='contrairement \u00e0' \/><span class='unlc-1586 unlc'>0<\/span><\/a><\/div> <\/div> <div class='status-1586 status align-left'><\/div><\/div><div class='wti-clear'><\/div>","protected":false},"excerpt":{"rendered":"<p>Quand le saule pleure au vent d\u2019autan Plus que l\u2019automne arrive avant Que les feuilles aient fini leur temps Aime la vie dans tous ses sangs Quand le saule tire au vent cinglant Ses fines branches \u00e0 bout portant Vers les espaces \u00e0 contrechamp D\u2019odeurs d\u2019\u00e9ther courent \u00e0 relent Les univers faits de tes chants &hellip; <a href=\"https:\/\/gerardebogros.fr\/?p=1586\" class=\"more-link\">Continuer la lecture<span class=\"screen-reader-text\"> de &laquo;&nbsp;Vent d\u2019autan&nbsp;&raquo;<\/span><\/a><\/p>\n","protected":false},"author":3,"featured_media":0,"comment_status":"open","ping_status":"open","sticky":false,"template":"","format":"standard","meta":{"_jetpack_memberships_contains_paid_content":false,"footnotes":""},"categories":[22,6],"tags":[],"class_list":["post-1586","post","type-post","status-publish","format-standard","hentry","category-nostalgie","category-aquarelles-et-descriptions"],"jetpack_featured_media_url":"","jetpack_sharing_enabled":true,"_links":{"self":[{"href":"https:\/\/gerardebogros.fr\/index.php?rest_route=\/wp\/v2\/posts\/1586","targetHints":{"allow":["GET"]}}],"collection":[{"href":"https:\/\/gerardebogros.fr\/index.php?rest_route=\/wp\/v2\/posts"}],"about":[{"href":"https:\/\/gerardebogros.fr\/index.php?rest_route=\/wp\/v2\/types\/post"}],"author":[{"embeddable":true,"href":"https:\/\/gerardebogros.fr\/index.php?rest_route=\/wp\/v2\/users\/3"}],"replies":[{"embeddable":true,"href":"https:\/\/gerardebogros.fr\/index.php?rest_route=%2Fwp%2Fv2%2Fcomments&post=1586"}],"version-history":[{"count":2,"href":"https:\/\/gerardebogros.fr\/index.php?rest_route=\/wp\/v2\/posts\/1586\/revisions"}],"predecessor-version":[{"id":1588,"href":"https:\/\/gerardebogros.fr\/index.php?rest_route=\/wp\/v2\/posts\/1586\/revisions\/1588"}],"wp:attachment":[{"href":"https:\/\/gerardebogros.fr\/index.php?rest_route=%2Fwp%2Fv2%2Fmedia&parent=1586"}],"wp:term":[{"taxonomy":"category","embeddable":true,"href":"https:\/\/gerardebogros.fr\/index.php?rest_route=%2Fwp%2Fv2%2Fcategories&post=1586"},{"taxonomy":"post_tag","embeddable":true,"href":"https:\/\/gerardebogros.fr\/index.php?rest_route=%2Fwp%2Fv2%2Ftags&post=1586"}],"curies":[{"name":"wp","href":"https:\/\/api.w.org\/{rel}","templated":true}]}}