{"id":1613,"date":"2021-12-31T15:20:55","date_gmt":"2021-12-31T14:20:55","guid":{"rendered":"http:\/\/gerardebogros.fr\/?p=1613"},"modified":"2021-12-31T15:20:55","modified_gmt":"2021-12-31T14:20:55","slug":"la-liberte-du-choix","status":"publish","type":"post","link":"https:\/\/gerardebogros.fr\/?p=1613","title":{"rendered":"La libert\u00e9 du choix"},"content":{"rendered":"<p><em><span style=\"font-family: arial, helvetica, sans-serif;\">La d\u00e9g\u00e9n\u00e9rescence<\/span><\/em><br \/>\n<em><span style=\"font-family: arial, helvetica, sans-serif;\">De la soci\u00e9t\u00e9<\/span><\/em><br \/>\n<em><span style=\"font-family: arial, helvetica, sans-serif;\">S\u2019accomplit<\/span><\/em><br \/>\n<em><span style=\"font-family: arial, helvetica, sans-serif;\">Sous la fluorescence<\/span><\/em><br \/>\n<em><span style=\"font-family: arial, helvetica, sans-serif;\">Des id\u00e9es d\u00e9mont\u00e9es<\/span><\/em><br \/>\n<em><span style=\"font-family: arial, helvetica, sans-serif;\">Il convient de tenir compte de trois \u00e9tats<\/span><\/em><br \/>\n<em><span style=\"font-family: arial, helvetica, sans-serif;\">Les nantis des pays \u00e9volu\u00e9s<\/span><\/em><br \/>\n<em><span style=\"font-family: arial, helvetica, sans-serif;\">La pauvret\u00e9 de beaucoup de pays (non) \u00e9mergents<\/span><\/em><br \/>\n<em><span style=\"font-family: arial, helvetica, sans-serif;\">L\u2019\u00e9tat de guerre et de terrorisme que cr\u00e9ent les deux premiers \u00e9tats<\/span><\/em><br \/>\n<em><span style=\"font-family: arial, helvetica, sans-serif;\">La solution religion \u00e0 laquelle s\u2019accroche la majorit\u00e9 de la soci\u00e9t\u00e9<\/span><\/em><br \/>\n<em><span style=\"font-family: arial, helvetica, sans-serif;\">Envoie tout le monde dans le mur<\/span><\/em><br \/>\n<em><span style=\"font-family: arial, helvetica, sans-serif;\">Aimer sa descendance<\/span><\/em><br \/>\n<em><span style=\"font-family: arial, helvetica, sans-serif;\">Devient une source d\u2019inqui\u00e9tude profonde<\/span><\/em><br \/>\n<em><span style=\"font-family: arial, helvetica, sans-serif;\">L\u2019humanisme<\/span><\/em><br \/>\n<em><span style=\"font-family: arial, helvetica, sans-serif;\">Berceau de douceur<\/span><\/em><br \/>\n<em><span style=\"font-family: arial, helvetica, sans-serif;\">De compr\u00e9hension<\/span><\/em><br \/>\n<em><span style=\"font-family: arial, helvetica, sans-serif;\">La tentative de vivre ensemble<\/span><\/em><br \/>\n<em><span style=\"font-family: arial, helvetica, sans-serif;\">S\u2019estompe<\/span><\/em><br \/>\n<em><span style=\"font-family: arial, helvetica, sans-serif;\">Il semblerait<\/span><\/em><br \/>\n<em><span style=\"font-family: arial, helvetica, sans-serif;\">Que nous n\u2019avons pas su \u00e9duquer nos enfants<\/span><\/em><br \/>\n<em><span style=\"font-family: arial, helvetica, sans-serif;\">Pour qu\u2019ils comprennent que la libert\u00e9<\/span><\/em><br \/>\n<em><span style=\"font-family: arial, helvetica, sans-serif;\">C\u2019est la libert\u00e9 du choix<\/span><\/em><br \/>\n<em><span style=\"font-family: arial, helvetica, sans-serif;\">Tu as du mal<\/span><\/em><br \/>\n<em><span style=\"font-family: arial, helvetica, sans-serif;\">A te reconnaitre dans ton pays<\/span><\/em><br \/>\n<em><span style=\"font-family: arial, helvetica, sans-serif;\">Notre puissance d\u2019absorption de toutes les ethnies diminue<\/span><\/em><br \/>\n<em><span style=\"font-family: arial, helvetica, sans-serif;\">Nous sommes de plus en plus ali\u00e9n\u00e9s aux \u00e9conomies de guerre<\/span><\/em><br \/>\n<em><span style=\"font-family: arial, helvetica, sans-serif;\">La vie en France reste douce<\/span><\/em><br \/>\n<em><span style=\"font-family: arial, helvetica, sans-serif;\">Mais d\u00e9j\u00e0 dans un climat d\u00e9l\u00e9t\u00e8re<\/span><\/em><br \/>\n<em><span style=\"font-family: arial, helvetica, sans-serif;\">Nous sommes des enfants g\u00e2t\u00e9s<\/span><\/em><br \/>\n<em><span style=\"font-family: arial, helvetica, sans-serif;\">Les r\u00e9percussions de cette morosit\u00e9 injustifi\u00e9e<\/span><\/em><br \/>\n<em><span style=\"font-family: arial, helvetica, sans-serif;\">Sont \u00e0 l\u2019\u00e9chelle mondiale<\/span><\/em><br \/>\n<em><span style=\"font-family: arial, helvetica, sans-serif;\">Nous ne sommes plus assez<\/span><\/em><br \/>\n<em><span style=\"font-family: arial, helvetica, sans-serif;\">Dans le camp de l\u2019apaisement<\/span><\/em><\/p>\n<p><em><span style=\"font-family: arial, helvetica, sans-serif;\">GDB Mitirapa Jeudi 20 avril 2017 18h4<\/span><\/em>5<\/p>\n<div class='watch-action'><div class='watch-position align-left'><div class='action-like'><a class='lbg-style3 like-1613 jlk' href='javascript:void(0)' data-task='like' data-post_id='1613' data-nonce='28b8e364b7' rel='nofollow'><img class='wti-pixel' src='https:\/\/gerardebogros.fr\/wp-content\/plugins\/wti-like-post\/images\/pixel.gif' title='comme' \/><span class='lc-1613 lc'>0<\/span><\/a><\/div><div class='action-unlike'><a class='unlbg-style3 unlike-1613 jlk' href='javascript:void(0)' data-task='unlike' data-post_id='1613' data-nonce='28b8e364b7' rel='nofollow'><img class='wti-pixel' src='https:\/\/gerardebogros.fr\/wp-content\/plugins\/wti-like-post\/images\/pixel.gif' title='contrairement \u00e0' \/><span class='unlc-1613 unlc'>0<\/span><\/a><\/div> <\/div> <div class='status-1613 status align-left'><\/div><\/div><div class='wti-clear'><\/div>","protected":false},"excerpt":{"rendered":"<p>La d\u00e9g\u00e9n\u00e9rescence De la soci\u00e9t\u00e9 S\u2019accomplit Sous la fluorescence Des id\u00e9es d\u00e9mont\u00e9es Il convient de tenir compte de trois \u00e9tats Les nantis des pays \u00e9volu\u00e9s La pauvret\u00e9 de beaucoup de pays (non) \u00e9mergents L\u2019\u00e9tat de guerre et de terrorisme que cr\u00e9ent les deux premiers \u00e9tats La solution religion \u00e0 laquelle s\u2019accroche la majorit\u00e9 de la &hellip; <a href=\"https:\/\/gerardebogros.fr\/?p=1613\" class=\"more-link\">Continuer la lecture<span class=\"screen-reader-text\"> de &laquo;&nbsp;La libert\u00e9 du choix&nbsp;&raquo;<\/span><\/a><\/p>\n","protected":false},"author":3,"featured_media":0,"comment_status":"open","ping_status":"open","sticky":false,"template":"","format":"standard","meta":{"_jetpack_memberships_contains_paid_content":false,"footnotes":""},"categories":[28],"tags":[],"class_list":["post-1613","post","type-post","status-publish","format-standard","hentry","category-reflexions"],"jetpack_featured_media_url":"","jetpack_sharing_enabled":true,"_links":{"self":[{"href":"https:\/\/gerardebogros.fr\/index.php?rest_route=\/wp\/v2\/posts\/1613","targetHints":{"allow":["GET"]}}],"collection":[{"href":"https:\/\/gerardebogros.fr\/index.php?rest_route=\/wp\/v2\/posts"}],"about":[{"href":"https:\/\/gerardebogros.fr\/index.php?rest_route=\/wp\/v2\/types\/post"}],"author":[{"embeddable":true,"href":"https:\/\/gerardebogros.fr\/index.php?rest_route=\/wp\/v2\/users\/3"}],"replies":[{"embeddable":true,"href":"https:\/\/gerardebogros.fr\/index.php?rest_route=%2Fwp%2Fv2%2Fcomments&post=1613"}],"version-history":[{"count":1,"href":"https:\/\/gerardebogros.fr\/index.php?rest_route=\/wp\/v2\/posts\/1613\/revisions"}],"predecessor-version":[{"id":1614,"href":"https:\/\/gerardebogros.fr\/index.php?rest_route=\/wp\/v2\/posts\/1613\/revisions\/1614"}],"wp:attachment":[{"href":"https:\/\/gerardebogros.fr\/index.php?rest_route=%2Fwp%2Fv2%2Fmedia&parent=1613"}],"wp:term":[{"taxonomy":"category","embeddable":true,"href":"https:\/\/gerardebogros.fr\/index.php?rest_route=%2Fwp%2Fv2%2Fcategories&post=1613"},{"taxonomy":"post_tag","embeddable":true,"href":"https:\/\/gerardebogros.fr\/index.php?rest_route=%2Fwp%2Fv2%2Ftags&post=1613"}],"curies":[{"name":"wp","href":"https:\/\/api.w.org\/{rel}","templated":true}]}}