{"id":1625,"date":"2022-01-09T11:55:28","date_gmt":"2022-01-09T10:55:28","guid":{"rendered":"http:\/\/gerardebogros.fr\/?p=1625"},"modified":"2022-01-09T11:55:28","modified_gmt":"2022-01-09T10:55:28","slug":"la-dame-aux-mille-feux","status":"publish","type":"post","link":"https:\/\/gerardebogros.fr\/?p=1625","title":{"rendered":"La Dame aux mille feux"},"content":{"rendered":"<p><em><span style=\"font-family: arial, helvetica, sans-serif;\"><div class=\"gca-column one-half first\"><\/span><\/em><em><span style=\"font-family: arial, helvetica, sans-serif;\">Une maison d\u2019effets cass\u00e9s<\/span><\/em><br \/>\n<em><span style=\"font-family: arial, helvetica, sans-serif;\">En d\u00e9grad\u00e9s de d\u00e9nivel\u00e9s<\/span><\/em><br \/>\n<em><span style=\"font-family: arial, helvetica, sans-serif;\">Une maison \u00e0 recoins<\/span><\/em><br \/>\n<em><span style=\"font-family: arial, helvetica, sans-serif;\">Permettant de voir plus loin<\/span><\/em><\/p>\n<p><em><span style=\"font-family: arial, helvetica, sans-serif;\">Une dame aux mille feux<\/span><\/em><br \/>\n<em><span style=\"font-family: arial, helvetica, sans-serif;\">Pos\u00e9e dans ses aventures<\/span><\/em><br \/>\n<em><span style=\"font-family: arial, helvetica, sans-serif;\">Une femme de terre<\/span><\/em><br \/>\n<em><span style=\"font-family: arial, helvetica, sans-serif;\">Amoureuse de la mer<\/span><\/em><\/p>\n<p><em><span style=\"font-family: arial, helvetica, sans-serif;\">Ce village au bout de tout<\/span><\/em><br \/>\n<em><span style=\"font-family: arial, helvetica, sans-serif;\">De montagnes en apn\u00e9e<\/span><\/em><br \/>\n<em><span style=\"font-family: arial, helvetica, sans-serif;\">Calme et bouillonnant<\/span><\/em><br \/>\n<em><span style=\"font-family: arial, helvetica, sans-serif;\">En d\u00e9fi de continuit\u00e9<\/span><\/em><\/p>\n<p><em><span style=\"font-family: arial, helvetica, sans-serif;\">Surprenante s\u00e9r\u00e9nit\u00e9<\/span><\/em><br \/>\n<em><span style=\"font-family: arial, helvetica, sans-serif;\">N\u2019est pas atteint de fatuit\u00e9<\/span><\/em><br \/>\n<em><span style=\"font-family: arial, helvetica, sans-serif;\">La maison est le fil du temps<\/span><\/em><br \/>\n<em><span style=\"font-family: arial, helvetica, sans-serif;\">Oublions les histoires d\u2019avant<\/span><\/em><\/p>\n<p><em><span style=\"font-family: arial, helvetica, sans-serif;\">Aime les espaces o\u00f9 tu te meurs<\/span><\/em><br \/>\n<em><span style=\"font-family: arial, helvetica, sans-serif;\"><\/div><\/span><\/em><em><span style=\"font-family: arial, helvetica, sans-serif;\"><div class=\"gca-column one-half\"><\/span><\/em><em><span style=\"font-family: arial, helvetica, sans-serif;\">Une maison d\u2019effets f\u00eal\u00e9s<\/span><\/em><br \/>\n<em><span style=\"font-family: arial, helvetica, sans-serif;\">En volupt\u00e9 peu appr\u00eat\u00e9e<\/span><\/em><br \/>\n<em><span style=\"font-family: arial, helvetica, sans-serif;\">Une maison dans les coins<\/span><\/em><br \/>\n<em><span style=\"font-family: arial, helvetica, sans-serif;\">Simulante d\u2019effets de fin<\/span><\/em><\/p>\n<p><em><span style=\"font-family: arial, helvetica, sans-serif;\">Comme flamme de nos a\u00efeux<\/span><\/em><br \/>\n<em><span style=\"font-family: arial, helvetica, sans-serif;\">Impr\u00e9gn\u00e9e de nos cultures<\/span><\/em><br \/>\n<em><span style=\"font-family: arial, helvetica, sans-serif;\">Une femme de mer<\/span><\/em><br \/>\n<em><span style=\"font-family: arial, helvetica, sans-serif;\">Accroch\u00e9e \u00e0 sa terre<\/span><\/em><\/p>\n<p><em><span style=\"font-family: arial, helvetica, sans-serif;\">Les adages elle s\u2019en fout<\/span><\/em><br \/>\n<em><span style=\"font-family: arial, helvetica, sans-serif;\">Hors des vagues elle s\u2019extrait<\/span><\/em><br \/>\n<em><span style=\"font-family: arial, helvetica, sans-serif;\">Les palmes et le printemps<\/span><\/em><br \/>\n<em><span style=\"font-family: arial, helvetica, sans-serif;\">Qu\u2019y-a-t-il de press\u00e9<\/span><\/em><\/p>\n<p><em><span style=\"font-family: arial, helvetica, sans-serif;\">Rien ne sert de s\u2019essouffler<\/span><\/em><br \/>\n<em><span style=\"font-family: arial, helvetica, sans-serif;\">Le souffle est qualit\u00e9<\/span><\/em><br \/>\n<em><span style=\"font-family: arial, helvetica, sans-serif;\">La maison est le fil du sang<\/span><\/em><br \/>\n<em><span style=\"font-family: arial, helvetica, sans-serif;\">Gardons les \u00e9clats de nos dents<\/span><\/em><\/p>\n<p><em><span style=\"font-family: arial, helvetica, sans-serif;\">Aime les nasses o\u00f9 sont tes peurs<\/span><\/em><br \/>\n<em><span style=\"font-family: arial, helvetica, sans-serif;\"><\/div><\/span><\/em><\/p>\n<p><em><span style=\"font-family: arial, helvetica, sans-serif;\">GDB 2015-06-27<\/span> <\/em><\/p>\n<div class='watch-action'><div class='watch-position align-left'><div class='action-like'><a class='lbg-style3 like-1625 jlk' href='javascript:void(0)' data-task='like' data-post_id='1625' data-nonce='0ec958c7c9' rel='nofollow'><img class='wti-pixel' src='https:\/\/gerardebogros.fr\/wp-content\/plugins\/wti-like-post\/images\/pixel.gif' title='comme' \/><span class='lc-1625 lc'>0<\/span><\/a><\/div><div class='action-unlike'><a class='unlbg-style3 unlike-1625 jlk' href='javascript:void(0)' data-task='unlike' data-post_id='1625' data-nonce='0ec958c7c9' rel='nofollow'><img class='wti-pixel' src='https:\/\/gerardebogros.fr\/wp-content\/plugins\/wti-like-post\/images\/pixel.gif' title='contrairement \u00e0' \/><span class='unlc-1625 unlc'>0<\/span><\/a><\/div> <\/div> <div class='status-1625 status align-left'><\/div><\/div><div class='wti-clear'><\/div>","protected":false},"excerpt":{"rendered":"<p>GDB 2015-06-27 00<\/p>\n","protected":false},"author":3,"featured_media":0,"comment_status":"open","ping_status":"open","sticky":false,"template":"","format":"standard","meta":{"_jetpack_memberships_contains_paid_content":false,"footnotes":""},"categories":[17,19,6],"tags":[],"class_list":["post-1625","post","type-post","status-publish","format-standard","hentry","category-ecriture-matricielle","category-etats-detre","category-aquarelles-et-descriptions"],"jetpack_featured_media_url":"","jetpack_sharing_enabled":true,"_links":{"self":[{"href":"https:\/\/gerardebogros.fr\/index.php?rest_route=\/wp\/v2\/posts\/1625","targetHints":{"allow":["GET"]}}],"collection":[{"href":"https:\/\/gerardebogros.fr\/index.php?rest_route=\/wp\/v2\/posts"}],"about":[{"href":"https:\/\/gerardebogros.fr\/index.php?rest_route=\/wp\/v2\/types\/post"}],"author":[{"embeddable":true,"href":"https:\/\/gerardebogros.fr\/index.php?rest_route=\/wp\/v2\/users\/3"}],"replies":[{"embeddable":true,"href":"https:\/\/gerardebogros.fr\/index.php?rest_route=%2Fwp%2Fv2%2Fcomments&post=1625"}],"version-history":[{"count":2,"href":"https:\/\/gerardebogros.fr\/index.php?rest_route=\/wp\/v2\/posts\/1625\/revisions"}],"predecessor-version":[{"id":1627,"href":"https:\/\/gerardebogros.fr\/index.php?rest_route=\/wp\/v2\/posts\/1625\/revisions\/1627"}],"wp:attachment":[{"href":"https:\/\/gerardebogros.fr\/index.php?rest_route=%2Fwp%2Fv2%2Fmedia&parent=1625"}],"wp:term":[{"taxonomy":"category","embeddable":true,"href":"https:\/\/gerardebogros.fr\/index.php?rest_route=%2Fwp%2Fv2%2Fcategories&post=1625"},{"taxonomy":"post_tag","embeddable":true,"href":"https:\/\/gerardebogros.fr\/index.php?rest_route=%2Fwp%2Fv2%2Ftags&post=1625"}],"curies":[{"name":"wp","href":"https:\/\/api.w.org\/{rel}","templated":true}]}}