{"id":1708,"date":"2022-02-18T17:47:09","date_gmt":"2022-02-18T16:47:09","guid":{"rendered":"http:\/\/gerardebogros.fr\/?p=1708"},"modified":"2022-02-18T17:47:09","modified_gmt":"2022-02-18T16:47:09","slug":"leffort-vital","status":"publish","type":"post","link":"https:\/\/gerardebogros.fr\/?p=1708","title":{"rendered":"L\u2019effort vital"},"content":{"rendered":"<p><em><span style=\"font-family: arial, helvetica, sans-serif;\"><div class=\"gca-column one-half first\"><\/span><\/em><br \/>\n<em><span style=\"font-family: arial, helvetica, sans-serif;\">Le droit de n\u2019\u00eatre pas<\/span><\/em><br \/>\n<em><span style=\"font-family: arial, helvetica, sans-serif;\">Et le devoir d\u2019aise<\/span><\/em><br \/>\n<em><span style=\"font-family: arial, helvetica, sans-serif;\">Viennent aplanir le tas<\/span><\/em><br \/>\n<em><span style=\"font-family: arial, helvetica, sans-serif;\">Et adoucir la glaise<\/span><\/em><br \/>\n<em><span style=\"font-family: arial, helvetica, sans-serif;\">Qui sait ce qu\u2019il faut \u00eatre<\/span><\/em><br \/>\n<em><span style=\"font-family: arial, helvetica, sans-serif;\">Au-del\u00e0 des saign\u00e9es<\/span><\/em><br \/>\n<em><span style=\"font-family: arial, helvetica, sans-serif;\">Apaisant les bell\u00e2tres<\/span><\/em><br \/>\n<em><span style=\"font-family: arial, helvetica, sans-serif;\">Ignares de nouveaux n\u00e9s<\/span><\/em><br \/>\n<em><span style=\"font-family: arial, helvetica, sans-serif;\">Sais-tu nous sommes quatre<\/span><\/em><br \/>\n<em><span style=\"font-family: arial, helvetica, sans-serif;\">Beaucoup de pattes \u00e0 pa\u00eetre<\/span><\/em><br \/>\n<em><span style=\"font-family: arial, helvetica, sans-serif;\">Le vide \u00e0 r\u00e9fr\u00e9ner<\/span><\/em><br \/>\n<em><span style=\"font-family: arial, helvetica, sans-serif;\">Le bide est enjou\u00e9<\/span><\/em><br \/>\n<em><span style=\"font-family: arial, helvetica, sans-serif;\">Les rides dans le rouet<\/span><\/em><br \/>\n<em><span style=\"font-family: arial, helvetica, sans-serif;\">Filent et pansent le pass\u00e9<\/span><\/em><br \/>\n<em><span style=\"font-family: arial, helvetica, sans-serif;\">M\u00eame n\u2019\u00eatre qu\u2019\u00e0 moiti\u00e9<\/span><\/em><br \/>\n<em><span style=\"font-family: arial, helvetica, sans-serif;\">Quand on est n\u00e9 entier<\/span><\/em><br \/>\n<em><span style=\"font-family: arial, helvetica, sans-serif;\">Vire au r\u00eave sans ses spores<\/span><\/em><br \/>\n<em><span style=\"font-family: arial, helvetica, sans-serif;\">Dans la fatigue du fouet ressort<\/span><\/em><br \/>\n<em><span style=\"font-family: arial, helvetica, sans-serif;\"><\/div><\/span><\/em><br \/>\n<em><span style=\"font-family: arial, helvetica, sans-serif;\"><div class=\"gca-column one-half\"><\/span><\/em><em><span style=\"font-family: arial, helvetica, sans-serif;\">La foi et ses faux pas<\/span><\/em><br \/>\n<em><span style=\"font-family: arial, helvetica, sans-serif;\">De ses senteurs de baise<\/span><\/em><br \/>\n<em><span style=\"font-family: arial, helvetica, sans-serif;\">Peuvent-ils tenir l\u2019app\u00e2t<\/span><\/em><br \/>\n<em><span style=\"font-family: arial, helvetica, sans-serif;\">Au bord de la falaise<\/span><\/em><br \/>\n<em><span style=\"font-family: arial, helvetica, sans-serif;\">Tu sais tu ne peux n\u2019\u00eatre<\/span><\/em><br \/>\n<em><span style=\"font-family: arial, helvetica, sans-serif;\">Pense \u00e0 poser tes pieds<\/span><\/em><br \/>\n<em><span style=\"font-family: arial, helvetica, sans-serif;\">Ne les pose pas dans l\u2019\u00e2tre<\/span><\/em><br \/>\n<em><span style=\"font-family: arial, helvetica, sans-serif;\">Vois les pierres d\u2019\u00e0 c\u00f4t\u00e9<\/span><\/em><br \/>\n<em><span style=\"font-family: arial, helvetica, sans-serif;\">Quatre c\u2019est pour se battre<\/span><\/em><br \/>\n<em><span style=\"font-family: arial, helvetica, sans-serif;\">Mais aussi pour para\u00eetre<\/span><\/em><br \/>\n<em><span style=\"font-family: arial, helvetica, sans-serif;\">Les miroirs bris\u00e9s<\/span><\/em><br \/>\n<em><span style=\"font-family: arial, helvetica, sans-serif;\">De joies envout\u00e9es<\/span><\/em><br \/>\n<em><span style=\"font-family: arial, helvetica, sans-serif;\">Ne brisent pas le jouet<\/span><\/em><br \/>\n<em><span style=\"font-family: arial, helvetica, sans-serif;\">Piles et colonnes us\u00e9es<\/span><\/em><br \/>\n<em><span style=\"font-family: arial, helvetica, sans-serif;\">Peu mais \u00e0 rassembler<\/span><\/em><br \/>\n<em><span style=\"font-family: arial, helvetica, sans-serif;\">Lorsqu\u2019on sent que l\u2019on est<\/span><\/em><br \/>\n<em><span style=\"font-family: arial, helvetica, sans-serif;\">Servent de contreforts<\/span><\/em><br \/>\n<em><span style=\"font-family: arial, helvetica, sans-serif;\">A nos vains mais vitaux efforts<\/span><\/em><br \/>\n<em><span style=\"font-family: arial, helvetica, sans-serif;\"><\/div><\/span><\/em><\/p>\n<p>&nbsp;<\/p>\n<p>&nbsp;<\/p>\n<p><em><span style=\"font-family: arial, helvetica, sans-serif;\">Taravao<\/span><\/em><br \/>\n<em><span style=\"font-family: arial, helvetica, sans-serif;\">Mercredi 13 mai 2009 \u2013 vers 21h00<\/span><\/em><\/p>\n<div class='watch-action'><div class='watch-position align-left'><div class='action-like'><a class='lbg-style3 like-1708 jlk' href='javascript:void(0)' data-task='like' data-post_id='1708' data-nonce='0ec958c7c9' rel='nofollow'><img class='wti-pixel' src='https:\/\/gerardebogros.fr\/wp-content\/plugins\/wti-like-post\/images\/pixel.gif' title='comme' \/><span class='lc-1708 lc'>0<\/span><\/a><\/div><div class='action-unlike'><a class='unlbg-style3 unlike-1708 jlk' href='javascript:void(0)' data-task='unlike' data-post_id='1708' data-nonce='0ec958c7c9' rel='nofollow'><img class='wti-pixel' src='https:\/\/gerardebogros.fr\/wp-content\/plugins\/wti-like-post\/images\/pixel.gif' title='contrairement \u00e0' \/><span class='unlc-1708 unlc'>-1<\/span><\/a><\/div> <\/div> <div class='status-1708 status align-left'><\/div><\/div><div class='wti-clear'><\/div>","protected":false},"excerpt":{"rendered":"<p>&nbsp; &nbsp; Taravao Mercredi 13 mai 2009 \u2013 vers 21h00 0-1<\/p>\n","protected":false},"author":3,"featured_media":0,"comment_status":"open","ping_status":"open","sticky":false,"template":"","format":"standard","meta":{"_jetpack_memberships_contains_paid_content":false,"footnotes":""},"categories":[17,28],"tags":[],"class_list":["post-1708","post","type-post","status-publish","format-standard","hentry","category-ecriture-matricielle","category-reflexions"],"jetpack_featured_media_url":"","jetpack_sharing_enabled":true,"_links":{"self":[{"href":"https:\/\/gerardebogros.fr\/index.php?rest_route=\/wp\/v2\/posts\/1708","targetHints":{"allow":["GET"]}}],"collection":[{"href":"https:\/\/gerardebogros.fr\/index.php?rest_route=\/wp\/v2\/posts"}],"about":[{"href":"https:\/\/gerardebogros.fr\/index.php?rest_route=\/wp\/v2\/types\/post"}],"author":[{"embeddable":true,"href":"https:\/\/gerardebogros.fr\/index.php?rest_route=\/wp\/v2\/users\/3"}],"replies":[{"embeddable":true,"href":"https:\/\/gerardebogros.fr\/index.php?rest_route=%2Fwp%2Fv2%2Fcomments&post=1708"}],"version-history":[{"count":2,"href":"https:\/\/gerardebogros.fr\/index.php?rest_route=\/wp\/v2\/posts\/1708\/revisions"}],"predecessor-version":[{"id":1710,"href":"https:\/\/gerardebogros.fr\/index.php?rest_route=\/wp\/v2\/posts\/1708\/revisions\/1710"}],"wp:attachment":[{"href":"https:\/\/gerardebogros.fr\/index.php?rest_route=%2Fwp%2Fv2%2Fmedia&parent=1708"}],"wp:term":[{"taxonomy":"category","embeddable":true,"href":"https:\/\/gerardebogros.fr\/index.php?rest_route=%2Fwp%2Fv2%2Fcategories&post=1708"},{"taxonomy":"post_tag","embeddable":true,"href":"https:\/\/gerardebogros.fr\/index.php?rest_route=%2Fwp%2Fv2%2Ftags&post=1708"}],"curies":[{"name":"wp","href":"https:\/\/api.w.org\/{rel}","templated":true}]}}