{"id":1729,"date":"2022-03-11T20:59:46","date_gmt":"2022-03-11T19:59:46","guid":{"rendered":"http:\/\/gerardebogros.fr\/?p=1729"},"modified":"2024-01-19T18:48:58","modified_gmt":"2024-01-19T17:48:58","slug":"le-tombant-du-crepuscule","status":"publish","type":"post","link":"https:\/\/gerardebogros.fr\/?p=1729","title":{"rendered":"Le tombant du cr\u00e9puscule"},"content":{"rendered":"<p style=\"text-align: center;\"><em><span style=\"font-family: arial, helvetica, sans-serif;\">Le Sang de la plume<\/span><\/em><br \/>\n<em><span style=\"font-family: arial, helvetica, sans-serif;\">Est en place<\/span><\/em><br \/>\n<em><span style=\"font-family: arial, helvetica, sans-serif;\">La musique \u00e0 la hume<\/span><\/em><br \/>\n<em><span style=\"font-family: arial, helvetica, sans-serif;\">Ne s\u2019en lasse<\/span><\/em><br \/>\n<em><span style=\"font-family: arial, helvetica, sans-serif;\">Encore un \u00e9cart de vie<\/span><\/em><br \/>\n<em><span style=\"font-family: arial, helvetica, sans-serif;\">O\u00f9 se pr\u00e9lasse ta mie<\/span><\/em><br \/>\n<em><span style=\"font-family: arial, helvetica, sans-serif;\">La nuit va tomber<\/span><\/em><br \/>\n<em><span style=\"font-family: arial, helvetica, sans-serif;\">Tr\u00e8s vite sans se faire mal<\/span><\/em><br \/>\n<em><span style=\"font-family: arial, helvetica, sans-serif;\">Le ciel arosi en atteste<\/span><\/em><br \/>\n<em><span style=\"font-family: arial, helvetica, sans-serif;\">Le vent perd son souffle<\/span><\/em><br \/>\n<em><span style=\"font-family: arial, helvetica, sans-serif;\">Bananiers cocotiers palmiers<\/span><\/em><br \/>\n<em><span style=\"font-family: arial, helvetica, sans-serif;\">Se figent dans l\u2019apn\u00e9e<\/span><\/em><br \/>\n<em><span style=\"font-family: arial, helvetica, sans-serif;\">Il reste le son ent\u00eatant<\/span><\/em><br \/>\n<em><span style=\"font-family: arial, helvetica, sans-serif;\">De Beethoven<\/span><\/em><br \/>\n<em><span style=\"font-family: arial, helvetica, sans-serif;\">Dans la platitude de l\u2019eau artificielle<\/span><\/em><br \/>\n<em><span style=\"font-family: arial, helvetica, sans-serif;\">Naturelle est la nostalgie<\/span><\/em><br \/>\n<em><span style=\"font-family: arial, helvetica, sans-serif;\">Il n\u2019y a plus d\u2019\u00e9cart d\u2019\u00e9crit<\/span><\/em><br \/>\n<em><span style=\"font-family: arial, helvetica, sans-serif;\">Le temps d\u00e9roulant s\u2019est \u00e9tabli<\/span><\/em><br \/>\n<em><span style=\"font-family: arial, helvetica, sans-serif;\">Tout est enfer<\/span><\/em><br \/>\n<em><span style=\"font-family: arial, helvetica, sans-serif;\">Au paradis<\/span><\/em><br \/>\n<em><span style=\"font-family: arial, helvetica, sans-serif;\">Vivre c\u2019est faire<\/span><\/em><br \/>\n<em><span style=\"font-family: arial, helvetica, sans-serif;\">Mourir aussi<\/span><\/em><br \/>\n<em><span style=\"font-family: arial, helvetica, sans-serif;\">La douceur de ton univers<\/span><\/em><br \/>\n<em><span style=\"font-family: arial, helvetica, sans-serif;\">Tranche dans la s\u00e9quence des non dits<\/span><\/em><br \/>\n<em><span style=\"font-family: arial, helvetica, sans-serif;\">Cette musique est tienne<\/span><\/em><br \/>\n<em><span style=\"font-family: arial, helvetica, sans-serif;\">Tu l\u2019as choisie<\/span><\/em><br \/>\n<em><span style=\"font-family: arial, helvetica, sans-serif;\">Tout vient bien<\/span><\/em><br \/>\n<em><span style=\"font-family: arial, helvetica, sans-serif;\">Quand l\u2019ordre n\u2019est pas \u00e9tabli<\/span><\/em><br \/>\n<em><span style=\"font-family: arial, helvetica, sans-serif;\">La pl\u00e9nitude<\/span><\/em><br \/>\n<em><span style=\"font-family: arial, helvetica, sans-serif;\">\u00c7a se construit<\/span><\/em><br \/>\n<em><span style=\"font-family: arial, helvetica, sans-serif;\">Son amplitude<\/span><\/em><br \/>\n<em><span style=\"font-family: arial, helvetica, sans-serif;\">Souvent d\u00e9truit<\/span><\/em><br \/>\n<em><span style=\"font-family: arial, helvetica, sans-serif;\">Les raisons en pluies<\/span><\/em><br \/>\n<em><span style=\"font-family: arial, helvetica, sans-serif;\">De mourir dans l\u2019oubli<\/span><\/em><br \/>\n<em><span style=\"font-family: arial, helvetica, sans-serif;\">N\u2019auront jamais raison de toi<\/span><\/em><br \/>\n<em><span style=\"font-family: arial, helvetica, sans-serif;\">M\u00eame quand tu es aux abois<\/span><\/em><\/p>\n<p><em><span style=\"font-family: arial, helvetica, sans-serif;\">GDB Mitirapa dimanche 1er juin 2014 17h30<\/span><\/em><\/p>\n<div class='watch-action'><div class='watch-position align-left'><div class='action-like'><a class='lbg-style3 like-1729 jlk' href='javascript:void(0)' data-task='like' data-post_id='1729' data-nonce='0ec958c7c9' rel='nofollow'><img class='wti-pixel' src='https:\/\/gerardebogros.fr\/wp-content\/plugins\/wti-like-post\/images\/pixel.gif' title='comme' \/><span class='lc-1729 lc'>0<\/span><\/a><\/div><div class='action-unlike'><a class='unlbg-style3 unlike-1729 jlk' href='javascript:void(0)' data-task='unlike' data-post_id='1729' data-nonce='0ec958c7c9' rel='nofollow'><img class='wti-pixel' src='https:\/\/gerardebogros.fr\/wp-content\/plugins\/wti-like-post\/images\/pixel.gif' title='contrairement \u00e0' \/><span class='unlc-1729 unlc'>0<\/span><\/a><\/div> <\/div> <div class='status-1729 status align-left'><\/div><\/div><div class='wti-clear'><\/div>","protected":false},"excerpt":{"rendered":"<p>Le Sang de la plume Est en place La musique \u00e0 la hume Ne s\u2019en lasse Encore un \u00e9cart de vie O\u00f9 se pr\u00e9lasse ta mie La nuit va tomber Tr\u00e8s vite sans se faire mal Le ciel arosi en atteste Le vent perd son souffle Bananiers cocotiers palmiers Se figent dans l\u2019apn\u00e9e Il reste &hellip; <a href=\"https:\/\/gerardebogros.fr\/?p=1729\" class=\"more-link\">Continuer la lecture<span class=\"screen-reader-text\"> de &laquo;&nbsp;Le tombant du cr\u00e9puscule&nbsp;&raquo;<\/span><\/a><\/p>\n","protected":false},"author":3,"featured_media":0,"comment_status":"closed","ping_status":"closed","sticky":false,"template":"","format":"standard","meta":{"_jetpack_memberships_contains_paid_content":false,"footnotes":""},"categories":[2],"tags":[],"class_list":["post-1729","post","type-post","status-publish","format-standard","hentry","category-mots-et-musique"],"jetpack_featured_media_url":"","jetpack_sharing_enabled":true,"_links":{"self":[{"href":"https:\/\/gerardebogros.fr\/index.php?rest_route=\/wp\/v2\/posts\/1729","targetHints":{"allow":["GET"]}}],"collection":[{"href":"https:\/\/gerardebogros.fr\/index.php?rest_route=\/wp\/v2\/posts"}],"about":[{"href":"https:\/\/gerardebogros.fr\/index.php?rest_route=\/wp\/v2\/types\/post"}],"author":[{"embeddable":true,"href":"https:\/\/gerardebogros.fr\/index.php?rest_route=\/wp\/v2\/users\/3"}],"replies":[{"embeddable":true,"href":"https:\/\/gerardebogros.fr\/index.php?rest_route=%2Fwp%2Fv2%2Fcomments&post=1729"}],"version-history":[{"count":1,"href":"https:\/\/gerardebogros.fr\/index.php?rest_route=\/wp\/v2\/posts\/1729\/revisions"}],"predecessor-version":[{"id":1730,"href":"https:\/\/gerardebogros.fr\/index.php?rest_route=\/wp\/v2\/posts\/1729\/revisions\/1730"}],"wp:attachment":[{"href":"https:\/\/gerardebogros.fr\/index.php?rest_route=%2Fwp%2Fv2%2Fmedia&parent=1729"}],"wp:term":[{"taxonomy":"category","embeddable":true,"href":"https:\/\/gerardebogros.fr\/index.php?rest_route=%2Fwp%2Fv2%2Fcategories&post=1729"},{"taxonomy":"post_tag","embeddable":true,"href":"https:\/\/gerardebogros.fr\/index.php?rest_route=%2Fwp%2Fv2%2Ftags&post=1729"}],"curies":[{"name":"wp","href":"https:\/\/api.w.org\/{rel}","templated":true}]}}