{"id":527,"date":"2020-11-27T18:31:06","date_gmt":"2020-11-27T17:31:06","guid":{"rendered":"http:\/\/gerardebogros.fr\/?p=527"},"modified":"2020-11-27T18:31:06","modified_gmt":"2020-11-27T17:31:06","slug":"eclat-de-froid","status":"publish","type":"post","link":"https:\/\/gerardebogros.fr\/?p=527","title":{"rendered":"\u00c9clat de froid"},"content":{"rendered":"<pre style=\"text-align: center;\"><em><span style=\"font-family: arial, helvetica, sans-serif;\">Le froid\r\nDoucement\r\n\u00c9tend son lit\r\nBrise l\u00e9g\u00e8re\r\n\u00c9tablie\r\nComme m\u00e9g\u00e8re\r\nPied de nez\r\nAux \u00e9rudits\r\nLaisse l'homme amant\r\n<\/span><\/em>\r\n<em><span style=\"font-family: arial, helvetica, sans-serif;\">Il est temps\r\nDe ne rien faire\r\nIl est lent\r\nDe ne rien braire\r\n<\/span><\/em>\r\n<em><span style=\"font-family: arial, helvetica, sans-serif;\">Les branches immobiles\r\nOrphelines \r\nDe leurs feuilles\r\nLaissent traces ind\u00e9l\u00e9biles\r\nAu fa\u00eete\r\nDe nos deuils<\/span><\/em>\r\n\r\n<em><span style=\"font-family: arial, helvetica, sans-serif;\">L'ann\u00e9e touche \u00e0 sa fin\r\n\r\nA la t\u00e2che\r\nSont les gredins\r\n\r\nLe ciel est froid et clair\r\nDeux lumi\u00e8res\r\nFont la paire\r\nCrois\u00e9es\r\nAtt\u00e9nu\u00e9es\r\nElles mordent cependant\r\nDans l'\u00e9clat du vivant<\/span><\/em><\/pre>\n<p><em>GDB samedi 14 novembre 2020 La Mine<\/em><\/p>\n<p>&nbsp;<\/p>\n<div class='watch-action'><div class='watch-position align-left'><div class='action-like'><a class='lbg-style3 like-527 jlk' href='javascript:void(0)' data-task='like' data-post_id='527' data-nonce='0ec958c7c9' rel='nofollow'><img class='wti-pixel' src='https:\/\/gerardebogros.fr\/wp-content\/plugins\/wti-like-post\/images\/pixel.gif' title='comme' \/><span class='lc-527 lc'>0<\/span><\/a><\/div><div class='action-unlike'><a class='unlbg-style3 unlike-527 jlk' href='javascript:void(0)' data-task='unlike' data-post_id='527' data-nonce='0ec958c7c9' rel='nofollow'><img class='wti-pixel' src='https:\/\/gerardebogros.fr\/wp-content\/plugins\/wti-like-post\/images\/pixel.gif' title='contrairement \u00e0' \/><span class='unlc-527 unlc'>0<\/span><\/a><\/div> <\/div> <div class='status-527 status align-left'><\/div><\/div><div class='wti-clear'><\/div>","protected":false},"excerpt":{"rendered":"<p>Le froid Doucement \u00c9tend son lit Brise l\u00e9g\u00e8re \u00c9tablie Comme m\u00e9g\u00e8re Pied de nez Aux \u00e9rudits Laisse l&rsquo;homme amant Il est temps De ne rien faire Il est lent De ne rien braire Les branches immobiles Orphelines De leurs feuilles Laissent traces ind\u00e9l\u00e9biles Au fa\u00eete De nos deuils L&rsquo;ann\u00e9e touche \u00e0 sa fin A la &hellip; <a href=\"https:\/\/gerardebogros.fr\/?p=527\" class=\"more-link\">Continuer la lecture<span class=\"screen-reader-text\"> de &laquo;&nbsp;\u00c9clat de froid&nbsp;&raquo;<\/span><\/a><\/p>\n","protected":false},"author":3,"featured_media":0,"comment_status":"open","ping_status":"open","sticky":false,"template":"","format":"standard","meta":{"_jetpack_memberships_contains_paid_content":false,"footnotes":""},"categories":[6],"tags":[],"class_list":["post-527","post","type-post","status-publish","format-standard","hentry","category-aquarelles-et-descriptions"],"jetpack_featured_media_url":"","jetpack_sharing_enabled":true,"_links":{"self":[{"href":"https:\/\/gerardebogros.fr\/index.php?rest_route=\/wp\/v2\/posts\/527","targetHints":{"allow":["GET"]}}],"collection":[{"href":"https:\/\/gerardebogros.fr\/index.php?rest_route=\/wp\/v2\/posts"}],"about":[{"href":"https:\/\/gerardebogros.fr\/index.php?rest_route=\/wp\/v2\/types\/post"}],"author":[{"embeddable":true,"href":"https:\/\/gerardebogros.fr\/index.php?rest_route=\/wp\/v2\/users\/3"}],"replies":[{"embeddable":true,"href":"https:\/\/gerardebogros.fr\/index.php?rest_route=%2Fwp%2Fv2%2Fcomments&post=527"}],"version-history":[{"count":2,"href":"https:\/\/gerardebogros.fr\/index.php?rest_route=\/wp\/v2\/posts\/527\/revisions"}],"predecessor-version":[{"id":529,"href":"https:\/\/gerardebogros.fr\/index.php?rest_route=\/wp\/v2\/posts\/527\/revisions\/529"}],"wp:attachment":[{"href":"https:\/\/gerardebogros.fr\/index.php?rest_route=%2Fwp%2Fv2%2Fmedia&parent=527"}],"wp:term":[{"taxonomy":"category","embeddable":true,"href":"https:\/\/gerardebogros.fr\/index.php?rest_route=%2Fwp%2Fv2%2Fcategories&post=527"},{"taxonomy":"post_tag","embeddable":true,"href":"https:\/\/gerardebogros.fr\/index.php?rest_route=%2Fwp%2Fv2%2Ftags&post=527"}],"curies":[{"name":"wp","href":"https:\/\/api.w.org\/{rel}","templated":true}]}}