{"id":537,"date":"2020-11-29T11:42:48","date_gmt":"2020-11-29T10:42:48","guid":{"rendered":"http:\/\/gerardebogros.fr\/?p=537"},"modified":"2020-11-29T11:42:48","modified_gmt":"2020-11-29T10:42:48","slug":"eclat-de-soir","status":"publish","type":"post","link":"https:\/\/gerardebogros.fr\/?p=537","title":{"rendered":"\u00c9clat de soir"},"content":{"rendered":"<pre><div class=\"gca-column one-half first\"><em><span style=\"font-family: arial, helvetica, sans-serif; font-size: 10pt;\">Deux maisons massives<\/span><\/em>\r\n<em><span style=\"font-family: arial, helvetica, sans-serif; font-size: 10pt;\">Regardent la route<\/span><\/em>\r\n<em><span style=\"font-family: arial, helvetica, sans-serif; font-size: 10pt;\">La lumi\u00e8re vive<\/span><\/em>\r\n<em><span style=\"font-family: arial, helvetica, sans-serif; font-size: 10pt;\">Doucement s'enfuit<\/span><\/em>\r\n<em><span style=\"font-family: arial, helvetica, sans-serif; font-size: 10pt;\">Peu loin<\/span><\/em>\r\n<em><span style=\"font-family: arial, helvetica, sans-serif; font-size: 10pt;\">Les cloches des vaches<\/span><\/em>\r\n\r\n<em><span style=\"font-family: arial, helvetica, sans-serif; font-size: 10pt;\">Elles broutent doucement<\/span><\/em>\r\n<em><span style=\"font-family: arial, helvetica, sans-serif; font-size: 10pt;\">Le son est en osmose<\/span><\/em>\r\n<em><span style=\"font-family: arial, helvetica, sans-serif; font-size: 10pt;\">Rien ne bouge<\/span><\/em>\r\n<em><span style=\"font-family: arial, helvetica, sans-serif; font-size: 10pt;\">M\u00eame pas le vieux garage<\/span><\/em>\r\n<em><span style=\"font-family: arial, helvetica, sans-serif; font-size: 10pt;\">A deux entr\u00e9es<\/span><\/em>\r\n<em><span style=\"font-family: arial, helvetica, sans-serif; font-size: 10pt;\">Les murs de pierres immobiles<\/span><\/em>\r\n<em><span style=\"font-family: arial, helvetica, sans-serif; font-size: 10pt;\">Cassent le mouvement<\/span><\/em>\r\n<em><span style=\"font-family: arial, helvetica, sans-serif; font-size: 10pt;\">De quelques volatiles<\/span><\/em>\r\n<em><span style=\"font-family: arial, helvetica, sans-serif; font-size: 10pt;\">Qui se couchent<\/span><\/em>\r\n<em><span style=\"font-family: arial, helvetica, sans-serif; font-size: 10pt;\">Ambiance feutr\u00e9e<\/span><\/em>\r\n<em><span style=\"font-family: arial, helvetica, sans-serif; font-size: 10pt;\">A travers la vitre<\/span><\/em>\r\n<em><span style=\"font-family: arial, helvetica, sans-serif; font-size: 10pt;\">Des \u00e9clats de gnossienne<\/span><\/em>\r\n\r\n<em><span style=\"font-family: arial, helvetica, sans-serif; font-size: 10pt;\">Le mur des cousines resplendit<\/span><\/em>\r\n<em><span style=\"font-family: arial, helvetica, sans-serif; font-size: 10pt;\">Ton ombre port\u00e9e<\/span><\/em>\r\n<em><span style=\"font-family: arial, helvetica, sans-serif; font-size: 10pt;\">Sur le muret du fond<\/span><\/em>\r\n<em><span style=\"font-family: arial, helvetica, sans-serif; font-size: 10pt;\">S'ajoute<\/span><\/em>\r\n<em><span style=\"font-family: arial, helvetica, sans-serif; font-size: 10pt;\">A celles des trois tilleuls<\/span><\/em>\r\n<em><span style=\"font-family: arial, helvetica, sans-serif; font-size: 10pt;\">Ils ne bougent pas<\/span><\/em>\r\n<em><span style=\"font-family: arial, helvetica, sans-serif; font-size: 10pt;\">Le temps est dans leur camp<\/span><\/em>\r\n\r\n<em><span style=\"font-family: arial, helvetica, sans-serif; font-size: 10pt;\">Nuages bas<\/span><\/em>\r\n<em><span style=\"font-family: arial, helvetica, sans-serif; font-size: 10pt;\">Au loin amoncel\u00e9s<\/span><\/em>\r\n<em><span style=\"font-family: arial, helvetica, sans-serif; font-size: 10pt;\">Une couche de gris<\/span><\/em>\r\n<em><span style=\"font-family: arial, helvetica, sans-serif; font-size: 10pt;\">Sous une couche de blancs<\/span><\/em>\r\n<em><span style=\"font-family: arial, helvetica, sans-serif; font-size: 10pt;\">Bondissants \r\nPlus pr\u00e8s<\/span><\/em>\r\n<em><span style=\"font-family: arial, helvetica, sans-serif; font-size: 10pt;\">En t\u00e2ches inattendues<\/span><\/em>\r\n<em><span style=\"font-family: arial, helvetica, sans-serif; font-size: 10pt;\">Quelques gris fig\u00e9s<\/span><\/em>\r\n<em><span style=\"font-family: arial, helvetica, sans-serif; font-size: 10pt;\">Dans le silence et le calme<\/span><\/em>\r\n<em><span style=\"font-family: arial, helvetica, sans-serif; font-size: 10pt;\">Du cr\u00e9puscule \u00e0 venir\r\n.<\/div><\/span><\/em>\r\n<em><span style=\"font-family: arial, helvetica, sans-serif; font-size: 10pt;\"><div class=\"gca-column one-half\"><\/span><\/em><em><span style=\"font-family: arial, helvetica, sans-serif; font-size: 10pt;\">Les montagnes ne sont pas loin\r\nUn peu cach\u00e9es dans l'\u00e9ther<\/span><\/em>\r\n<em><span style=\"font-family: arial, helvetica, sans-serif; font-size: 10pt;\">Les drapeaux profil bas<\/span><\/em>\r\n<em><span style=\"font-family: arial, helvetica, sans-serif; font-size: 10pt;\">S'\u00e9tonnent de l'absence de souffle<\/span><\/em>\r\n<em><span style=\"font-family: arial, helvetica, sans-serif; font-size: 10pt;\">Quelques rouges gorges<\/span><\/em>\r\n<em><span style=\"font-family: arial, helvetica, sans-serif; font-size: 10pt;\">D\u00e9j\u00e0 ensommeill\u00e9s<\/span><\/em>\r\n<em><span style=\"font-family: arial, helvetica, sans-serif; font-size: 10pt;\">Regardent perplexes<\/span><\/em>\r\n<em><span style=\"font-family: arial, helvetica, sans-serif; font-size: 10pt;\">L'absence de ton mouvement<\/span><\/em>\r\n<em><span style=\"font-family: arial, helvetica, sans-serif; font-size: 10pt;\">Voient-ils courir ton stylo<\/span><\/em>\r\n<em><span style=\"font-family: arial, helvetica, sans-serif; font-size: 10pt;\">D\u00e9chirant le blanc immacul\u00e9<\/span><\/em>\r\n\r\n<em><span style=\"font-family: arial, helvetica, sans-serif; font-size: 10pt;\">Le muret centenaire<\/span><\/em>\r\n<em><span style=\"font-family: arial, helvetica, sans-serif; font-size: 10pt;\">Sur lequel tu es assis<\/span><\/em>\r\n<em><span style=\"font-family: arial, helvetica, sans-serif; font-size: 10pt;\">Ne se r\u00e9chauffe pas<\/span><\/em>\r\n\r\n<em><span style=\"font-family: arial, helvetica, sans-serif; font-size: 10pt;\">Les pierres content l'histoire<\/span><\/em>\r\n<em><span style=\"font-family: arial, helvetica, sans-serif; font-size: 10pt;\">Pour qui sait \u00e9couter<\/span><\/em>\r\n<em><span style=\"font-family: arial, helvetica, sans-serif; font-size: 10pt;\">Le temps n'est pas fermoir<\/span><\/em>\r\n<em><span style=\"font-family: arial, helvetica, sans-serif; font-size: 10pt;\">Laisse tes r\u00eaves aller<\/span><\/em>\r\n\r\n<em><span style=\"font-family: arial, helvetica, sans-serif; font-size: 10pt;\">Sous les nuages gris<\/span><\/em>\r\n<em><span style=\"font-family: arial, helvetica, sans-serif; font-size: 10pt;\">S'est install\u00e9 le rose<\/span><\/em>\r\n<em><span style=\"font-family: arial, helvetica, sans-serif; font-size: 10pt;\">Comme son nom l'indique<\/span><\/em>\r\n<em><span style=\"font-family: arial, helvetica, sans-serif; font-size: 10pt;\">Il sera \u00e9ph\u00e9m\u00e8re\r\nComme le regard oblique\r\nQue tu portes sur ta Terre<\/span><\/em>\r\n\r\n<em><span style=\"font-family: arial, helvetica, sans-serif; font-size: 10pt;\">Quelques battements d'ailes<\/span><\/em>\r\n<em><span style=\"font-family: arial, helvetica, sans-serif; font-size: 10pt;\">Pr\u00e9c\u00e8dent la fin du jour<\/span><\/em>\r\n<em><span style=\"font-family: arial, helvetica, sans-serif; font-size: 10pt;\">Le soleil se f\u00eale<\/span><\/em>\r\n<em><span style=\"font-family: arial, helvetica, sans-serif; font-size: 10pt;\">Il annonce son retour<\/span><\/em>\r\n<em><span style=\"font-family: arial, helvetica, sans-serif; font-size: 10pt;\">Demain est le credo<\/span><\/em>\r\n<em><span style=\"font-family: arial, helvetica, sans-serif; font-size: 10pt;\">Que l'humain porte haut<\/span><\/em>\r\n\r\n<em><span style=\"font-family: arial, helvetica, sans-serif; font-size: 10pt;\">Savoir est sage<\/span><\/em>\r\n<em><span style=\"font-family: arial, helvetica, sans-serif; font-size: 10pt;\">Garde la rage<\/span><\/em>\r\n<em><span style=\"font-family: arial, helvetica, sans-serif; font-size: 10pt;\">Aucun adage<\/span><\/em>\r\n<em><span style=\"font-family: arial, helvetica, sans-serif; font-size: 10pt;\">Ne tourne page.<\/span> \r\n\r\nGDB La Mine 08-11-2020\r\n<\/em><\/div>\r\n\r\n<\/pre>\n<div class='watch-action'><div class='watch-position align-left'><div class='action-like'><a class='lbg-style3 like-537 jlk' href='javascript:void(0)' data-task='like' data-post_id='537' data-nonce='0ec958c7c9' rel='nofollow'><img class='wti-pixel' src='https:\/\/gerardebogros.fr\/wp-content\/plugins\/wti-like-post\/images\/pixel.gif' title='comme' \/><span class='lc-537 lc'>+2<\/span><\/a><\/div><div class='action-unlike'><a class='unlbg-style3 unlike-537 jlk' href='javascript:void(0)' data-task='unlike' data-post_id='537' data-nonce='0ec958c7c9' rel='nofollow'><img class='wti-pixel' src='https:\/\/gerardebogros.fr\/wp-content\/plugins\/wti-like-post\/images\/pixel.gif' title='contrairement \u00e0' \/><span class='unlc-537 unlc'>0<\/span><\/a><\/div> <\/div> <div class='status-537 status align-left'><\/div><\/div><div class='wti-clear'><\/div>","protected":false},"excerpt":{"rendered":"<p>+20<\/p>\n","protected":false},"author":3,"featured_media":0,"comment_status":"open","ping_status":"open","sticky":false,"template":"","format":"standard","meta":{"_jetpack_memberships_contains_paid_content":false,"footnotes":""},"categories":[19,6],"tags":[],"class_list":["post-537","post","type-post","status-publish","format-standard","hentry","category-etats-detre","category-aquarelles-et-descriptions"],"jetpack_featured_media_url":"","jetpack_sharing_enabled":true,"_links":{"self":[{"href":"https:\/\/gerardebogros.fr\/index.php?rest_route=\/wp\/v2\/posts\/537","targetHints":{"allow":["GET"]}}],"collection":[{"href":"https:\/\/gerardebogros.fr\/index.php?rest_route=\/wp\/v2\/posts"}],"about":[{"href":"https:\/\/gerardebogros.fr\/index.php?rest_route=\/wp\/v2\/types\/post"}],"author":[{"embeddable":true,"href":"https:\/\/gerardebogros.fr\/index.php?rest_route=\/wp\/v2\/users\/3"}],"replies":[{"embeddable":true,"href":"https:\/\/gerardebogros.fr\/index.php?rest_route=%2Fwp%2Fv2%2Fcomments&post=537"}],"version-history":[{"count":22,"href":"https:\/\/gerardebogros.fr\/index.php?rest_route=\/wp\/v2\/posts\/537\/revisions"}],"predecessor-version":[{"id":559,"href":"https:\/\/gerardebogros.fr\/index.php?rest_route=\/wp\/v2\/posts\/537\/revisions\/559"}],"wp:attachment":[{"href":"https:\/\/gerardebogros.fr\/index.php?rest_route=%2Fwp%2Fv2%2Fmedia&parent=537"}],"wp:term":[{"taxonomy":"category","embeddable":true,"href":"https:\/\/gerardebogros.fr\/index.php?rest_route=%2Fwp%2Fv2%2Fcategories&post=537"},{"taxonomy":"post_tag","embeddable":true,"href":"https:\/\/gerardebogros.fr\/index.php?rest_route=%2Fwp%2Fv2%2Ftags&post=537"}],"curies":[{"name":"wp","href":"https:\/\/api.w.org\/{rel}","templated":true}]}}