{"id":777,"date":"2021-02-26T02:50:57","date_gmt":"2021-02-26T01:50:57","guid":{"rendered":"http:\/\/gerardebogros.fr\/?p=777"},"modified":"2021-02-26T02:50:57","modified_gmt":"2021-02-26T01:50:57","slug":"douceur-et-flamboyance","status":"publish","type":"post","link":"https:\/\/gerardebogros.fr\/?p=777","title":{"rendered":"Douceur et flamboyance"},"content":{"rendered":"<p><em><span style=\"font-family: arial, helvetica, sans-serif;\">L<\/span><span style=\"font-family: arial, helvetica, sans-serif;\"><em>a<\/em> violence du soleil couchant<\/span><\/em><br \/>\n<em><span style=\"font-family: arial, helvetica, sans-serif;\">Sur le cr\u00e9pi blanc de la maison d\u2019en face<\/span><\/em><br \/>\n<em><span style=\"font-family: arial, helvetica, sans-serif;\">Face au silence d\u2019une route o\u00f9 rien ne passe<\/span><\/em><br \/>\n<em><span style=\"font-family: arial, helvetica, sans-serif;\">Et l\u2019immobilit\u00e9 du vert<\/span><\/em><br \/>\n<em><span style=\"font-family: arial, helvetica, sans-serif;\">Qu\u2019aucun souffle de vent n\u2019alt\u00e8re<\/span><\/em><br \/>\n<em><span style=\"font-family: arial, helvetica, sans-serif;\">T\u2019impr\u00e8gne dans la contemplation des tilleuls<\/span><\/em><br \/>\n<em><span style=\"font-family: arial, helvetica, sans-serif;\">Dont aucune feuille ne bouge<\/span><\/em><br \/>\n<em><span style=\"font-family: arial, helvetica, sans-serif;\">Comme s\u2019ils voulaient faire oublier<\/span><\/em><br \/>\n<em><span style=\"font-family: arial, helvetica, sans-serif;\">Qu\u2019ils sont l\u00e0<\/span><\/em><br \/>\n<em><span style=\"font-family: arial, helvetica, sans-serif;\">Gu\u00eapes et abeilles endormies<\/span><\/em><br \/>\n<em><span style=\"font-family: arial, helvetica, sans-serif;\">Dans une nature assagie<\/span><\/em><br \/>\n<em><span style=\"font-family: arial, helvetica, sans-serif;\">Avec au loin un bois de sapins<\/span><\/em><br \/>\n<em><span style=\"font-family: arial, helvetica, sans-serif;\">D\u00e9coup\u00e9 sur le ciel blanc bleu pur<\/span><\/em><br \/>\n<em><span style=\"font-family: arial, helvetica, sans-serif;\">T\u2019am\u00e8ne \u00e0 garder le go\u00fbt de cette vie<\/span><\/em><br \/>\n<em><span style=\"font-family: arial, helvetica, sans-serif;\">Comme le roseau f\u00e2ch\u00e9 quand il plie<\/span><\/em><br \/>\n<em><span style=\"font-family: arial, helvetica, sans-serif;\">Mais comment ne pas aimer les haies de ronces<\/span><\/em><br \/>\n<em><span style=\"font-family: arial, helvetica, sans-serif;\">Alors qu\u2019elles ne sont qu\u2019effets de m\u00fbres<\/span><\/em><br \/>\n<em><span style=\"font-family: arial, helvetica, sans-serif;\">Il a fallu attendre que la nature devienne tendre<\/span><\/em><\/p>\n<p><em><span style=\"font-family: arial, helvetica, sans-serif;\">Pour enfin retrouver<\/span><\/em><br \/>\n<em><span style=\"font-family: arial, helvetica, sans-serif;\">Les silences d\u2019instant<\/span><\/em><br \/>\n<em><span style=\"font-family: arial, helvetica, sans-serif;\">Des p\u00e9nombres absorbantes<\/span><\/em><br \/>\n<em><span style=\"font-family: arial, helvetica, sans-serif;\">Du temps quand il lui plait<\/span><\/em><br \/>\n<em><span style=\"font-family: arial, helvetica, sans-serif;\">D\u2019activer les essences<\/span><\/em><br \/>\n<em><span style=\"font-family: arial, helvetica, sans-serif;\">Au soir quand tout est gai<\/span><\/em><br \/>\n<em><span style=\"font-family: arial, helvetica, sans-serif;\">Le ciel est \u00e9tonn\u00e9 des absences de nuages<\/span><\/em><br \/>\n<em><span style=\"font-family: arial, helvetica, sans-serif;\">La brise a oubli\u00e9 qu\u2019elle pouvait trop souffler<\/span><\/em><br \/>\n<em><span style=\"font-family: arial, helvetica, sans-serif;\">Vert blanc bleu dans la lumi\u00e8re du soir<\/span><\/em><br \/>\n<em><span style=\"font-family: arial, helvetica, sans-serif;\">Excitent le gris ardoise du sol compos\u00e9<\/span><\/em><br \/>\n<em><span style=\"font-family: arial, helvetica, sans-serif;\">Quelques chiens aboient<\/span><\/em><br \/>\n<em><span style=\"font-family: arial, helvetica, sans-serif;\">Excit\u00e9s par la proximit\u00e9 de la chasse<\/span><\/em><br \/>\n<em><span style=\"font-family: arial, helvetica, sans-serif;\">Tu ne leur en veux pas<\/span><\/em><br \/>\n<em><span style=\"font-family: arial, helvetica, sans-serif;\">Leurs maitres orchestrent leur contrebasse<\/span><\/em><br \/>\n<em><span style=\"font-family: arial, helvetica, sans-serif;\">La douceur de l\u2019heure<\/span><\/em><br \/>\n<em><span style=\"font-family: arial, helvetica, sans-serif;\">Raret\u00e9 non programm\u00e9e<\/span><\/em><br \/>\n<em><span style=\"font-family: arial, helvetica, sans-serif;\">Pourrait inviter \u00e0 la d\u00e9liquescence<\/span><\/em><br \/>\n<em><span style=\"font-family: arial, helvetica, sans-serif;\">Mais tu pr\u00e9f\u00e8res l\u2019effervescence<\/span><\/em><\/p>\n<p style=\"text-align: center;\">\n<em><span style=\"font-family: arial, helvetica, sans-serif;\">Au-del\u00e0 de l\u2019agilit\u00e9 du vocabulaire<\/span><\/em><br \/>\n<em><span style=\"font-family: arial, helvetica, sans-serif;\">Il y a les envies de l\u2019en l\u2019air<\/span><\/em><br \/>\n<em><span style=\"font-family: arial, helvetica, sans-serif;\">Le ciel devient bleu p\u00e2le pur<\/span><\/em><br \/>\n<em><span style=\"font-family: arial, helvetica, sans-serif;\">Avec quelques traces fines de nuages blancs<\/span><\/em><br \/>\n<em><span style=\"font-family: arial, helvetica, sans-serif;\">Tu n\u2019arrives pas \u00e0 te relire<\/span><\/em><br \/>\n<em><span style=\"font-family: arial, helvetica, sans-serif;\">Tu pourrais faire un effort<\/span><\/em><br \/>\n<em><span style=\"font-family: arial, helvetica, sans-serif;\">A demain<\/span><\/em><\/p>\n<p>&nbsp;<\/p>\n<p><span style=\"font-family: arial, helvetica, sans-serif;\"><em>GDB La Mine Mardi 22 ao\u00fbt 2017 20h00<\/em><\/span><\/p>\n<div class='watch-action'><div class='watch-position align-left'><div class='action-like'><a class='lbg-style3 like-777 jlk' href='javascript:void(0)' data-task='like' data-post_id='777' data-nonce='0ec958c7c9' rel='nofollow'><img class='wti-pixel' src='https:\/\/gerardebogros.fr\/wp-content\/plugins\/wti-like-post\/images\/pixel.gif' title='comme' \/><span class='lc-777 lc'>+1<\/span><\/a><\/div><div class='action-unlike'><a class='unlbg-style3 unlike-777 jlk' href='javascript:void(0)' data-task='unlike' data-post_id='777' data-nonce='0ec958c7c9' rel='nofollow'><img class='wti-pixel' src='https:\/\/gerardebogros.fr\/wp-content\/plugins\/wti-like-post\/images\/pixel.gif' title='contrairement \u00e0' \/><span class='unlc-777 unlc'>0<\/span><\/a><\/div> <\/div> <div class='status-777 status align-left'><\/div><\/div><div class='wti-clear'><\/div>","protected":false},"excerpt":{"rendered":"<p>La violence du soleil couchant Sur le cr\u00e9pi blanc de la maison d\u2019en face Face au silence d\u2019une route o\u00f9 rien ne passe Et l\u2019immobilit\u00e9 du vert Qu\u2019aucun souffle de vent n\u2019alt\u00e8re T\u2019impr\u00e8gne dans la contemplation des tilleuls Dont aucune feuille ne bouge Comme s\u2019ils voulaient faire oublier Qu\u2019ils sont l\u00e0 Gu\u00eapes et abeilles endormies &hellip; <a href=\"https:\/\/gerardebogros.fr\/?p=777\" class=\"more-link\">Continuer la lecture<span class=\"screen-reader-text\"> de &laquo;&nbsp;Douceur et flamboyance&nbsp;&raquo;<\/span><\/a><\/p>\n","protected":false},"author":3,"featured_media":0,"comment_status":"open","ping_status":"open","sticky":false,"template":"","format":"standard","meta":{"_jetpack_memberships_contains_paid_content":false,"footnotes":""},"categories":[21,6],"tags":[],"class_list":["post-777","post","type-post","status-publish","format-standard","hentry","category-ambiance","category-aquarelles-et-descriptions"],"jetpack_featured_media_url":"","jetpack_sharing_enabled":true,"_links":{"self":[{"href":"https:\/\/gerardebogros.fr\/index.php?rest_route=\/wp\/v2\/posts\/777","targetHints":{"allow":["GET"]}}],"collection":[{"href":"https:\/\/gerardebogros.fr\/index.php?rest_route=\/wp\/v2\/posts"}],"about":[{"href":"https:\/\/gerardebogros.fr\/index.php?rest_route=\/wp\/v2\/types\/post"}],"author":[{"embeddable":true,"href":"https:\/\/gerardebogros.fr\/index.php?rest_route=\/wp\/v2\/users\/3"}],"replies":[{"embeddable":true,"href":"https:\/\/gerardebogros.fr\/index.php?rest_route=%2Fwp%2Fv2%2Fcomments&post=777"}],"version-history":[{"count":3,"href":"https:\/\/gerardebogros.fr\/index.php?rest_route=\/wp\/v2\/posts\/777\/revisions"}],"predecessor-version":[{"id":780,"href":"https:\/\/gerardebogros.fr\/index.php?rest_route=\/wp\/v2\/posts\/777\/revisions\/780"}],"wp:attachment":[{"href":"https:\/\/gerardebogros.fr\/index.php?rest_route=%2Fwp%2Fv2%2Fmedia&parent=777"}],"wp:term":[{"taxonomy":"category","embeddable":true,"href":"https:\/\/gerardebogros.fr\/index.php?rest_route=%2Fwp%2Fv2%2Fcategories&post=777"},{"taxonomy":"post_tag","embeddable":true,"href":"https:\/\/gerardebogros.fr\/index.php?rest_route=%2Fwp%2Fv2%2Ftags&post=777"}],"curies":[{"name":"wp","href":"https:\/\/api.w.org\/{rel}","templated":true}]}}