{"id":868,"date":"2021-04-16T04:18:14","date_gmt":"2021-04-16T02:18:14","guid":{"rendered":"http:\/\/gerardebogros.fr\/?p=868"},"modified":"2021-04-16T04:18:14","modified_gmt":"2021-04-16T02:18:14","slug":"jeux-deaux","status":"publish","type":"post","link":"https:\/\/gerardebogros.fr\/?p=868","title":{"rendered":"Jeux d&rsquo;eaux"},"content":{"rendered":"<p><em><span style=\"font-family: arial, helvetica, sans-serif; font-size: 10pt;\">A lire en compagnie de Water Music de Haydn<\/span><\/em><br \/>\n<em><span style=\"font-family: arial, helvetica, sans-serif; font-size: 10pt;\"><div class=\"gca-column one-half first\"><\/span><\/em><\/p>\n<p><em><span style=\"font-family: arial, helvetica, sans-serif; font-size: 10pt;\">Jardins seyants<\/span><\/em><br \/>\n<em><span style=\"font-family: arial, helvetica, sans-serif; font-size: 10pt;\">A fontaines pleines<\/span><\/em><br \/>\n<em><span style=\"font-family: arial, helvetica, sans-serif; font-size: 10pt;\">Bels gens<\/span><\/em><br \/>\n<em><span style=\"font-family: arial, helvetica, sans-serif; font-size: 10pt;\">Et pimprenelles<\/span><\/em><br \/>\n<em><span style=\"font-family: arial, helvetica, sans-serif; font-size: 10pt;\">Le vert et l\u2019eau<\/span><\/em><br \/>\n<em><span style=\"font-family: arial, helvetica, sans-serif; font-size: 10pt;\">En harmonie<\/span><\/em><br \/>\n<em><span style=\"font-family: arial, helvetica, sans-serif; font-size: 10pt;\">Pelouses rases et riches<\/span><\/em><br \/>\n<em><span style=\"font-family: arial, helvetica, sans-serif; font-size: 10pt;\">Bosquets taill\u00e9s<\/span><\/em><br \/>\n<em><span style=\"font-family: arial, helvetica, sans-serif; font-size: 10pt;\">De buis en \u00e9pines douces<\/span><\/em><br \/>\n<em><span style=\"font-family: arial, helvetica, sans-serif; font-size: 10pt;\">Et buissons o\u00f9 l\u2019on trouve<\/span><\/em><br \/>\n<em><span style=\"font-family: arial, helvetica, sans-serif; font-size: 10pt;\">Perruques et belles cannes<\/span><\/em><br \/>\n<em><span style=\"font-family: arial, helvetica, sans-serif; font-size: 10pt;\">Ports altiers<\/span><\/em><br \/>\n<em><span style=\"font-family: arial, helvetica, sans-serif; font-size: 10pt;\">Autours festifs<\/span><\/em><br \/>\n<em><span style=\"font-family: arial, helvetica, sans-serif; font-size: 10pt;\">Le temps d\u00e9roulait ses harmonies<\/span><\/em><br \/>\n<em><span style=\"font-family: arial, helvetica, sans-serif; font-size: 10pt;\">Sous le soleil du roi Louis<\/span><\/em><br \/>\n<em><span style=\"font-family: arial, helvetica, sans-serif; font-size: 10pt;\">Qu\u2019aurais-tu fait<\/span><\/em><br \/>\n<em><span style=\"font-family: arial, helvetica, sans-serif; font-size: 10pt;\">En jouvenceau<\/span><\/em><br \/>\n<em><span style=\"font-family: arial, helvetica, sans-serif; font-size: 10pt;\">Cern\u00e9 de belles jouvencelles<\/span><\/em><br \/>\n<em><span style=\"font-family: arial, helvetica, sans-serif; font-size: 10pt;\">Qu\u2019\u00e9craser le tr\u00e8fle<\/span><\/em><br \/>\n<em><span style=\"font-family: arial, helvetica, sans-serif; font-size: 10pt;\">Et verdir ton habit<\/span><\/em><br \/>\n<em><span style=\"font-family: arial, helvetica, sans-serif; font-size: 10pt;\">En plantant tes ergots<\/span><\/em><br \/>\n<em><span style=\"font-family: arial, helvetica, sans-serif; font-size: 10pt;\">L\u2019eau gicle<\/span><\/em><br \/>\n<em><span style=\"font-family: arial, helvetica, sans-serif; font-size: 10pt;\">Et puis coule<\/span><\/em><br \/>\n<em><span style=\"font-family: arial, helvetica, sans-serif; font-size: 10pt;\">Dessins de hauts de faisceaux<\/span><\/em><br \/>\n<em><span style=\"font-family: arial, helvetica, sans-serif; font-size: 10pt;\">Et ruissellements<\/span><\/em><br \/>\n<em><span style=\"font-family: arial, helvetica, sans-serif; font-size: 10pt;\"><\/div><\/span><\/em><\/p>\n<p><em><span style=\"font-family: arial, helvetica, sans-serif; font-size: 10pt;\"><div class=\"gca-column one-half\"><\/span><\/em><\/p>\n<p><em><span style=\"font-family: arial, helvetica, sans-serif; font-size: 10pt;\">Menuets<\/span><\/em><br \/>\n<em><span style=\"font-family: arial, helvetica, sans-serif; font-size: 10pt;\">Si tu es<\/span><\/em><br \/>\n<em><span style=\"font-family: arial, helvetica, sans-serif; font-size: 10pt;\">Temps<\/span><\/em><br \/>\n<em><span style=\"font-family: arial, helvetica, sans-serif; font-size: 10pt;\">R\u00e9pertori\u00e9s<\/span><\/em><br \/>\n<em><span style=\"font-family: arial, helvetica, sans-serif; font-size: 10pt;\">Chaque instant<\/span><\/em><br \/>\n<em><span style=\"font-family: arial, helvetica, sans-serif; font-size: 10pt;\">Est attrait<\/span><\/em><br \/>\n<em><span style=\"font-family: arial, helvetica, sans-serif; font-size: 10pt;\">Le pr\u00e9<\/span><\/em><br \/>\n<em><span style=\"font-family: arial, helvetica, sans-serif; font-size: 10pt;\">Est royaut\u00e9<\/span><\/em><br \/>\n<em><span style=\"font-family: arial, helvetica, sans-serif; font-size: 10pt;\">L\u2019\u00e9tat<\/span><\/em><br \/>\n<em><span style=\"font-family: arial, helvetica, sans-serif; font-size: 10pt;\">Est ass\u00e9n\u00e9<\/span><\/em><br \/>\n<em><span style=\"font-family: arial, helvetica, sans-serif; font-size: 10pt;\">Le moment<\/span><\/em><br \/>\n<em><span style=\"font-family: arial, helvetica, sans-serif; font-size: 10pt;\">Est monument<\/span><\/em><br \/>\n<em><span style=\"font-family: arial, helvetica, sans-serif; font-size: 10pt;\">Gaiet\u00e9<\/span><\/em><br \/>\n<em><span style=\"font-family: arial, helvetica, sans-serif; font-size: 10pt;\">Mesur\u00e9<\/span><\/em><br \/>\n<em><span style=\"font-family: arial, helvetica, sans-serif; font-size: 10pt;\">Et s\u00e9r\u00e9nit\u00e9<\/span><\/em><br \/>\n<em><span style=\"font-family: arial, helvetica, sans-serif; font-size: 10pt;\">Appr\u00eat\u00e9e<\/span><\/em><br \/>\n<em><span style=\"font-family: arial, helvetica, sans-serif; font-size: 10pt;\">Sont le lien<\/span><\/em><br \/>\n<em><span style=\"font-family: arial, helvetica, sans-serif; font-size: 10pt;\">D\u2019un vivant<\/span><\/em><br \/>\n<em><span style=\"font-family: arial, helvetica, sans-serif; font-size: 10pt;\">Qui vient bien<\/span><\/em><br \/>\n<em><span style=\"font-family: arial, helvetica, sans-serif; font-size: 10pt;\">Et s\u2019apprend<\/span><\/em><br \/>\n<em><span style=\"font-family: arial, helvetica, sans-serif; font-size: 10pt;\">Il n\u2019est rien de f\u00eal\u00e9<\/span><\/em><br \/>\n<em><span style=\"font-family: arial, helvetica, sans-serif; font-size: 10pt;\">En bonne royaut\u00e9<\/span><\/em><br \/>\n<em><span style=\"font-family: arial, helvetica, sans-serif; font-size: 10pt;\">Tout est dit<\/span><\/em><br \/>\n<em><span style=\"font-family: arial, helvetica, sans-serif; font-size: 10pt;\">M\u00eames sens du pli<\/span><\/em><br \/>\n<em><span style=\"font-family: arial, helvetica, sans-serif; font-size: 10pt;\"><\/div><\/span><\/em><\/p>\n<p>&nbsp;<\/p>\n<p><em><span style=\"font-family: arial, helvetica, sans-serif; font-size: 10pt;\">Taravao<\/span><\/em><br \/>\n<em><span style=\"font-family: arial, helvetica, sans-serif; font-size: 10pt;\">Vendredi 4 septembre 2009\u2013 22h- Haydn Water Music<\/span><\/em><\/p>\n<div class='watch-action'><div class='watch-position align-left'><div class='action-like'><a class='lbg-style3 like-868 jlk' href='javascript:void(0)' data-task='like' data-post_id='868' data-nonce='0ec958c7c9' rel='nofollow'><img class='wti-pixel' src='https:\/\/gerardebogros.fr\/wp-content\/plugins\/wti-like-post\/images\/pixel.gif' title='comme' \/><span class='lc-868 lc'>+3<\/span><\/a><\/div><div class='action-unlike'><a class='unlbg-style3 unlike-868 jlk' href='javascript:void(0)' data-task='unlike' data-post_id='868' data-nonce='0ec958c7c9' rel='nofollow'><img class='wti-pixel' src='https:\/\/gerardebogros.fr\/wp-content\/plugins\/wti-like-post\/images\/pixel.gif' title='contrairement \u00e0' \/><span class='unlc-868 unlc'>0<\/span><\/a><\/div> <\/div> <div class='status-868 status align-left'><\/div><\/div><div class='wti-clear'><\/div>","protected":false},"excerpt":{"rendered":"<p>A lire en compagnie de Water Music de Haydn &nbsp; Taravao Vendredi 4 septembre 2009\u2013 22h- Haydn Water Music +30<\/p>\n","protected":false},"author":3,"featured_media":0,"comment_status":"open","ping_status":"open","sticky":false,"template":"","format":"standard","meta":{"_jetpack_memberships_contains_paid_content":false,"footnotes":""},"categories":[21,2],"tags":[],"class_list":["post-868","post","type-post","status-publish","format-standard","hentry","category-ambiance","category-mots-et-musique"],"jetpack_featured_media_url":"","jetpack_sharing_enabled":true,"_links":{"self":[{"href":"https:\/\/gerardebogros.fr\/index.php?rest_route=\/wp\/v2\/posts\/868","targetHints":{"allow":["GET"]}}],"collection":[{"href":"https:\/\/gerardebogros.fr\/index.php?rest_route=\/wp\/v2\/posts"}],"about":[{"href":"https:\/\/gerardebogros.fr\/index.php?rest_route=\/wp\/v2\/types\/post"}],"author":[{"embeddable":true,"href":"https:\/\/gerardebogros.fr\/index.php?rest_route=\/wp\/v2\/users\/3"}],"replies":[{"embeddable":true,"href":"https:\/\/gerardebogros.fr\/index.php?rest_route=%2Fwp%2Fv2%2Fcomments&post=868"}],"version-history":[{"count":4,"href":"https:\/\/gerardebogros.fr\/index.php?rest_route=\/wp\/v2\/posts\/868\/revisions"}],"predecessor-version":[{"id":872,"href":"https:\/\/gerardebogros.fr\/index.php?rest_route=\/wp\/v2\/posts\/868\/revisions\/872"}],"wp:attachment":[{"href":"https:\/\/gerardebogros.fr\/index.php?rest_route=%2Fwp%2Fv2%2Fmedia&parent=868"}],"wp:term":[{"taxonomy":"category","embeddable":true,"href":"https:\/\/gerardebogros.fr\/index.php?rest_route=%2Fwp%2Fv2%2Fcategories&post=868"},{"taxonomy":"post_tag","embeddable":true,"href":"https:\/\/gerardebogros.fr\/index.php?rest_route=%2Fwp%2Fv2%2Ftags&post=868"}],"curies":[{"name":"wp","href":"https:\/\/api.w.org\/{rel}","templated":true}]}}